{"id":14055,"date":"2026-03-20T15:53:19","date_gmt":"2026-03-20T15:53:19","guid":{"rendered":"https:\/\/eskigazeteci.com\/?p=14055"},"modified":"2026-03-20T15:53:19","modified_gmt":"2026-03-20T15:53:19","slug":"cumhurbaskani-erdogan-jandarma-personelinin-bayramini-kutladi","status":"publish","type":"post","link":"https:\/\/eskigazeteci.com\/?p=14055","title":{"rendered":"Cumhurba\u015fkan\u0131 Erdo\u011fan jandarma personelinin bayram\u0131n\u0131 kutlad\u0131"},"content":{"rendered":"<p>\u0130\u00e7i\u015fleri Bakan\u0131 \u00c7ift\u00e7i ve Jandarma Genel Komutan\u0131 Orgeneral Ali \u00c7ardakc\u0131, Van&#x27;\u0131n G\u00fcrp\u0131nar il\u00e7esindeki Jandarma Komando Tabur Komutanl\u0131\u011f\u0131&#x27;na ziyarette bulundu.<\/p>\n<p>Ziyaret s\u0131ras\u0131nda Cumhurba\u015fkan\u0131 Erdo\u011fan, \u00c7ift\u00e7i ile yapt\u0131\u011f\u0131 telefon g\u00f6r\u00fc\u015fmesinde jandarma personeline hitap etti.<\/p>\n<p>Ramazan Bayram\u0131 &#x27;n\u0131 tebrik ederek s\u00f6zlerine ba\u015flayan Cumhurba\u015fkan\u0131 Erdo\u011fan, \u015funlar\u0131 s\u00f6yledi:<\/p>\n<p>&quot;Rabb&#x27;im nice Ramazan Bayramlar\u0131na bizleri sa\u011fl\u0131k, s\u0131hhat, afiyet i\u00e7erisinde kavu\u015ftursun diyorum. \u015eu anda biz de Rize&#x27;de, Rize Te\u015fkilat\u0131m\u0131zla bir araday\u0131z, beraberiz. Sizin de birli\u011finize, beraberli\u011finize ayn\u0131 \u015fekilde dua ediyoruz. Bug\u00fcn ayn\u0131 zamanda Ya\u015far G\u00fcler pa\u015famla beraber yine askerimizi, kahraman ordumuzu selamlad\u0131k, onlarla birlikte olduk. \u015eimdi de sizinle birlikteyiz, beraberiz. Rabb&#x27;im bir, beraber ve karde\u015f olarak nice ramazan bayramlar\u0131na kavu\u015fmay\u0131 bizlere nasip etsin diyorum. Sizleri en kalbi duygularla selaml\u0131yorum.&quot;<\/p>\n<p>Bakan \u00c7ift\u00e7i de g\u00f6r\u00fc\u015fmenin sonunda Cumhurba\u015fkan\u0131 Erdo\u011fan &#x27;\u0131n bayram\u0131n\u0131 tebrik etti.<\/p>\n<p>T\u00fcrkiye g\u00fcndeminden son dakika haberleri, bug\u00fcn ya\u015fanan en son geli\u015fmeler, siyaset g\u00fcndeminden g\u00fcncel haberler ve b\u00fct\u00fcn son dakika haberleri i\u00e7in H\u00fcrriyet&#x27;in internet haber sitesi hurriyet.com.tr;&#8230;<\/p>\n","protected":false},"excerpt":{"rendered":"<p>Cumhurba\u015fkan\u0131 Recep Tayyip Erdo\u011fan, \u0130\u00e7i\u015fleri Bakan\u0131 Mustafa \u00c7ift\u00e7i ile telefon g\u00f6r\u00fc\u015fmesi s\u0131ras\u0131nda hitap etti\u011fi Van G\u00fcrp\u0131nar Jandarma Komando Tabur&#8230;<\/p>\n","protected":false},"author":2,"featured_media":14054,"comment_status":"open","ping_status":"open","sticky":false,"template":"","format":"standard","meta":{"footnotes":""},"categories":[8,6,5],"tags":[],"class_list":["post-14055","post","type-post","status-publish","format-standard","has-post-thumbnail","hentry","category-arsiv","category-gundem","category-son-dakika"],"_links":{"self":[{"href":"https:\/\/eskigazeteci.com\/index.php?rest_route=\/wp\/v2\/posts\/14055","targetHints":{"allow":["GET"]}}],"collection":[{"href":"https:\/\/eskigazeteci.com\/index.php?rest_route=\/wp\/v2\/posts"}],"about":[{"href":"https:\/\/eskigazeteci.com\/index.php?rest_route=\/wp\/v2\/types\/post"}],"author":[{"embeddable":true,"href":"https:\/\/eskigazeteci.com\/index.php?rest_route=\/wp\/v2\/users\/2"}],"replies":[{"embeddable":true,"href":"https:\/\/eskigazeteci.com\/index.php?rest_route=%2Fwp%2Fv2%2Fcomments&post=14055"}],"version-history":[{"count":0,"href":"https:\/\/eskigazeteci.com\/index.php?rest_route=\/wp\/v2\/posts\/14055\/revisions"}],"wp:featuredmedia":[{"embeddable":true,"href":"https:\/\/eskigazeteci.com\/index.php?rest_route=\/wp\/v2\/media\/14054"}],"wp:attachment":[{"href":"https:\/\/eskigazeteci.com\/index.php?rest_route=%2Fwp%2Fv2%2Fmedia&parent=14055"}],"wp:term":[{"taxonomy":"category","embeddable":true,"href":"https:\/\/eskigazeteci.com\/index.php?rest_route=%2Fwp%2Fv2%2Fcategories&post=14055"},{"taxonomy":"post_tag","embeddable":true,"href":"https:\/\/eskigazeteci.com\/index.php?rest_route=%2Fwp%2Fv2%2Ftags&post=14055"}],"curies":[{"name":"wp","href":"https:\/\/api.w.org\/{rel}","templated":true}]}}