{"id":14053,"date":"2026-03-20T15:51:42","date_gmt":"2026-03-20T15:51:42","guid":{"rendered":"https:\/\/eskigazeteci.com\/?p=14053"},"modified":"2026-03-20T15:51:42","modified_gmt":"2026-03-20T15:51:42","slug":"alaattin-kadayifcioglu-kimdir-nereli-kac-yasinda","status":"publish","type":"post","link":"https:\/\/eskigazeteci.com\/?p=14053","title":{"rendered":"Alaattin Kaday\u0131f\u00e7\u0131o\u011flu kimdir, nereli, ka\u00e7 ya\u015f\u0131nda?"},"content":{"rendered":"<p>Alaattin Kaday\u0131f\u00e7\u0131o\u011flu, T\u00fcrkiye&#x27;nin denizcilik, yat\u00e7\u0131l\u0131k ve enerji sekt\u00f6rlerinde \u00f6nemli faaliyetler g\u00f6steren k\u00f6kl\u00fc Kaday\u0131f\u00e7\u0131o\u011flu ailesinin bir ferdidir. \u0130\u015f insan\u0131 Bilal Kaday\u0131f\u00e7\u0131o\u011flu&#x27;nun o\u011flu olan Alaattin Kaday\u0131f\u00e7\u0131o\u011flu, aile \u015firketlerinin sa\u011flad\u0131\u011f\u0131 g\u00fc\u00e7l\u00fc altyap\u0131 sayesinde gen\u00e7 ya\u015flardan itibaren i\u015f d\u00fcnyas\u0131n\u0131n i\u00e7inde yer alm\u0131\u015ft\u0131r. Kaday\u0131f\u00e7\u0131o\u011flu ailesinin k\u00f6kenleri Diyarbak\u0131r&#x27;a dayanmaktad\u0131r.<\/p>\n<p>\u0130\u015e HAYATI VE FAAL\u0130YETLER\u0130<\/p>\n<p>Kaday\u0131f\u00e7\u0131o\u011flu ailesi, ticari ba\u015far\u0131lar\u0131n\u0131n yan\u0131 s\u0131ra spor yat\u0131r\u0131mlar\u0131yla da tan\u0131nmaktad\u0131r. \u00d6zellikle 2017 y\u0131l\u0131nda Diyarbekirspor&#x27;u sat\u0131n almalar\u0131, i\u015f d\u00fcnyas\u0131 d\u0131\u015f\u0131ndaki yat\u0131r\u0131mlar\u0131n\u0131n bir g\u00f6stergesi olmu\u015ftur. Alaattin Kaday\u0131f\u00e7\u0131o\u011flu da ailesinin deniz ta\u015f\u0131mac\u0131l\u0131\u011f\u0131 ve petrol alan\u0131ndaki yat\u0131r\u0131mlar\u0131yla bilinen Bilka Denizcilik Sanayi gibi \u015firketlerinde aktif rol almaktad\u0131r.<\/p>\n<p>MAGAZ\u0130N G\u00dcNDEM\u0130NDEK\u0130 YER\u0130<\/p>\n<p>Alaattin Kaday\u0131f\u00e7\u0131o\u011flu&#x27;nun \u00f6zel hayat\u0131, \u00f6zellikle \u00fcnl\u00fc sanat\u00e7\u0131 H\u00fclya Av\u015far&#x27;\u0131n k\u0131z\u0131 Zehra \u00c7ilingiro\u011flu ile ya\u015fad\u0131\u011f\u0131 ili\u015fkiyle magazin bas\u0131n\u0131n\u0131n ilgisini \u00e7ekmi\u015ftir. \u00c7iftin ili\u015fkisi uzun s\u00fcre g\u00fcndemde kalm\u0131\u015f, ancak daha sonra ayr\u0131l\u0131k haberleri de medyaya yans\u0131m\u0131\u015ft\u0131r.<\/p>\n<p>C\u0130NAYET \u0130DD\u0130ALARI VE G\u00d6ZALTI S\u00dcREC\u0130<\/p>\n<p>Son g\u00fcnlerde Alaattin Kaday\u0131f\u00e7\u0131o\u011flu&#x27;nun ad\u0131, \u0130stanbul&#x27;da gen\u00e7 futbolcu&#8230;<\/p>\n","protected":false},"excerpt":{"rendered":"<p>Son d\u00f6nemde hem i\u015f d\u00fcnyas\u0131ndaki k\u00f6kl\u00fc ge\u00e7mi\u015fi hem de magazin g\u00fcndemini sarsan olaylarla ad\u0131ndan s\u0131k\u00e7a s\u00f6z ettiren Alaattin Kaday\u0131f\u00e7\u0131o\u011flu, kamuoyunun yak\u0131n&#8230;<\/p>\n","protected":false},"author":2,"featured_media":14052,"comment_status":"open","ping_status":"open","sticky":false,"template":"","format":"standard","meta":{"footnotes":""},"categories":[8,6,5],"tags":[],"class_list":["post-14053","post","type-post","status-publish","format-standard","has-post-thumbnail","hentry","category-arsiv","category-gundem","category-son-dakika"],"_links":{"self":[{"href":"https:\/\/eskigazeteci.com\/index.php?rest_route=\/wp\/v2\/posts\/14053","targetHints":{"allow":["GET"]}}],"collection":[{"href":"https:\/\/eskigazeteci.com\/index.php?rest_route=\/wp\/v2\/posts"}],"about":[{"href":"https:\/\/eskigazeteci.com\/index.php?rest_route=\/wp\/v2\/types\/post"}],"author":[{"embeddable":true,"href":"https:\/\/eskigazeteci.com\/index.php?rest_route=\/wp\/v2\/users\/2"}],"replies":[{"embeddable":true,"href":"https:\/\/eskigazeteci.com\/index.php?rest_route=%2Fwp%2Fv2%2Fcomments&post=14053"}],"version-history":[{"count":0,"href":"https:\/\/eskigazeteci.com\/index.php?rest_route=\/wp\/v2\/posts\/14053\/revisions"}],"wp:featuredmedia":[{"embeddable":true,"href":"https:\/\/eskigazeteci.com\/index.php?rest_route=\/wp\/v2\/media\/14052"}],"wp:attachment":[{"href":"https:\/\/eskigazeteci.com\/index.php?rest_route=%2Fwp%2Fv2%2Fmedia&parent=14053"}],"wp:term":[{"taxonomy":"category","embeddable":true,"href":"https:\/\/eskigazeteci.com\/index.php?rest_route=%2Fwp%2Fv2%2Fcategories&post=14053"},{"taxonomy":"post_tag","embeddable":true,"href":"https:\/\/eskigazeteci.com\/index.php?rest_route=%2Fwp%2Fv2%2Ftags&post=14053"}],"curies":[{"name":"wp","href":"https:\/\/api.w.org\/{rel}","templated":true}]}}