{"id":14049,"date":"2026-03-20T15:11:26","date_gmt":"2026-03-20T15:11:26","guid":{"rendered":"https:\/\/eskigazeteci.com\/?p=14049"},"modified":"2026-03-20T15:11:26","modified_gmt":"2026-03-20T15:11:26","slug":"aydinda-firinda-dehset-eski-aydinspor-baskani-erhan-ozluer-ve-kardesi-silahla-vurularak-olduruldu","status":"publish","type":"post","link":"https:\/\/eskigazeteci.com\/?p=14049","title":{"rendered":"Ayd\u0131n&#8217;da f\u0131r\u0131nda deh\u015fet! Eski Ayd\u0131nspor Ba\u015fkan\u0131 Erhan \u00d6zl\u00fcer ve karde\u015fi silahla vurularak \u00f6ld\u00fcr\u00fcld\u00fc"},"content":{"rendered":"<p>Olay saat 16:45 s\u0131ralar\u0131nda Ayd\u0131n &#x27;da Girne Mahallesi&#x27;ndeki bir f\u0131r\u0131nda meydana geldi. Edinilen bilgiye g\u00f6re, \u00d6zl\u00fcer karde\u015fler yeni al\u0131p i\u015fletmeye ba\u015flatt\u0131klar\u0131 \u00f6\u011frenilen f\u0131r\u0131nda silahl\u0131 sald\u0131r\u0131ya u\u011frad\u0131. Olayda Erhan \u00d6zl\u00fcer ve karde\u015fi Ayhan \u00d6zl\u00fcer&#x27;in hayat\u0131n\u0131 kaybetti\u011fi \u00f6\u011frenildi.<\/p>\n<p>\u0130hbar \u00fczerine b\u00f6lgeye \u00e7ok say\u0131da polis ve sa\u011fl\u0131k ekibi sevk edildi. Olayda f\u0131r\u0131nda bulunan 2 ki\u015finin de yaraland\u0131\u011f\u0131 \u00f6\u011frenildi. \u015e\u00dcPHEL\u0130 YAKALANDI<\/p>\n<p>Silahl\u0131 sald\u0131r\u0131y\u0131 ger\u00e7ekle\u015ftiren ve isminin U.K. oldu\u011fu \u00f6\u011frenilen \u015f\u00fcphelinin k\u0131sa s\u00fcrede polis ekipleri taraf\u0131ndan yakaland\u0131\u011f\u0131 \u00f6\u011frenildi.<\/p>\n<p>G\u00fcvenlik g\u00fc\u00e7leri taraf\u0131ndan olayla ilgili geni\u015f \u00e7apl\u0131 soru\u015fturma ba\u015flat\u0131ld\u0131.<\/p>\n<p>T\u00fcrkiye g\u00fcndeminden son dakika haberleri, bug\u00fcn ya\u015fanan en son geli\u015fmeler, siyaset g\u00fcndeminden g\u00fcncel haberler ve b\u00fct\u00fcn son dakika haberleri i\u00e7in H\u00fcrriyet&#x27;in internet haber sitesi hurriyet.com.tr; Hurriyet.com.tr haber i\u00e7erikleri kaynak g\u00f6sterilmeden al\u0131nt\u0131 yap\u0131lamaz, Kanuna ayk\u0131r\u0131 ve izinsiz olarak kopyalanamaz, ba\u015fka yerde yay\u0131nlanamaz.<\/p>\n","protected":false},"excerpt":{"rendered":"<p>Eski Ayd\u0131nspor Ba\u015fkan\u0131 Erhan \u00d6zl\u00fcer ve karde\u015fi Ayhan \u00d6zl\u00fcer, yeni al\u0131p i\u015fletmeye ba\u015flatt\u0131klar\u0131 f\u0131r\u0131nda u\u011frad\u0131klar\u0131 silahl\u0131 sald\u0131r\u0131 sonucu hayat\u0131n\u0131 kaybetti&#8230;.<\/p>\n","protected":false},"author":2,"featured_media":14048,"comment_status":"open","ping_status":"open","sticky":false,"template":"","format":"standard","meta":{"footnotes":""},"categories":[8,6,5],"tags":[],"class_list":["post-14049","post","type-post","status-publish","format-standard","has-post-thumbnail","hentry","category-arsiv","category-gundem","category-son-dakika"],"_links":{"self":[{"href":"https:\/\/eskigazeteci.com\/index.php?rest_route=\/wp\/v2\/posts\/14049","targetHints":{"allow":["GET"]}}],"collection":[{"href":"https:\/\/eskigazeteci.com\/index.php?rest_route=\/wp\/v2\/posts"}],"about":[{"href":"https:\/\/eskigazeteci.com\/index.php?rest_route=\/wp\/v2\/types\/post"}],"author":[{"embeddable":true,"href":"https:\/\/eskigazeteci.com\/index.php?rest_route=\/wp\/v2\/users\/2"}],"replies":[{"embeddable":true,"href":"https:\/\/eskigazeteci.com\/index.php?rest_route=%2Fwp%2Fv2%2Fcomments&post=14049"}],"version-history":[{"count":0,"href":"https:\/\/eskigazeteci.com\/index.php?rest_route=\/wp\/v2\/posts\/14049\/revisions"}],"wp:featuredmedia":[{"embeddable":true,"href":"https:\/\/eskigazeteci.com\/index.php?rest_route=\/wp\/v2\/media\/14048"}],"wp:attachment":[{"href":"https:\/\/eskigazeteci.com\/index.php?rest_route=%2Fwp%2Fv2%2Fmedia&parent=14049"}],"wp:term":[{"taxonomy":"category","embeddable":true,"href":"https:\/\/eskigazeteci.com\/index.php?rest_route=%2Fwp%2Fv2%2Fcategories&post=14049"},{"taxonomy":"post_tag","embeddable":true,"href":"https:\/\/eskigazeteci.com\/index.php?rest_route=%2Fwp%2Fv2%2Ftags&post=14049"}],"curies":[{"name":"wp","href":"https:\/\/api.w.org\/{rel}","templated":true}]}}