{"id":14047,"date":"2026-03-20T15:01:25","date_gmt":"2026-03-20T15:01:25","guid":{"rendered":"https:\/\/eskigazeteci.com\/?p=14047"},"modified":"2026-03-20T15:01:25","modified_gmt":"2026-03-20T15:01:25","slug":"adanada-hayvana-eziyet-ati-doverek-bayiltti","status":"publish","type":"post","link":"https:\/\/eskigazeteci.com\/?p=14047","title":{"rendered":"Adana&#8217;da hayvana eziyet! At\u0131 d\u00f6verek bay\u0131ltt\u0131"},"content":{"rendered":"<p>Adana &#x27;n\u0131n Seyhan il\u00e7esindeki Merkez Park\u2019ta ismi \u00f6\u011frenilemeyen bir ki\u015fi, ko\u015fmad\u0131\u011f\u0131 i\u00e7in i\u00e7in at\u0131na sopa, tekme ve yumrukla vurdu. Ald\u0131\u011f\u0131 darbelerle sersemleyen at , bir s\u00fcre sonra yere y\u0131\u011f\u0131ld\u0131.<\/p>\n<p>\u00c7evredekilerin tepki g\u00f6sterdi\u011fi ki\u015fi, arabaya ba\u011fl\u0131 olan at\u0131n\u0131n iplerini \u00e7\u00f6zmeye \u00e7al\u0131\u015ft\u0131. O anlar cep telefonu kameras\u0131yla g\u00f6r\u00fcnt\u00fclendi.<\/p>\n<p>T\u00fcrkiye g\u00fcndeminden son dakika haberleri, bug\u00fcn ya\u015fanan en son geli\u015fmeler, siyaset g\u00fcndeminden g\u00fcncel haberler ve b\u00fct\u00fcn son dakika haberleri i\u00e7in H\u00fcrriyet&#x27;in internet haber sitesi hurriyet.com.tr; Hurriyet.com.tr haber i\u00e7erikleri kaynak g\u00f6sterilmeden al\u0131nt\u0131 yap\u0131lamaz, Kanuna ayk\u0131r\u0131 ve izinsiz olarak kopyalanamaz, ba\u015fka yerde yay\u0131nlanamaz.<\/p>\n","protected":false},"excerpt":{"rendered":"<p>Adana\u2019da ismi \u00f6\u011frenilemeyen bir ki\u015fi, arabaya ba\u011fl\u0131 olan at\u0131na sopa ve tekmeyle vurup, bay\u0131ltt\u0131. O anlar cep telefonu kameras\u0131yla g\u00f6r\u00fcnt\u00fclendi.<\/p>\n","protected":false},"author":2,"featured_media":14046,"comment_status":"open","ping_status":"open","sticky":false,"template":"","format":"standard","meta":{"footnotes":""},"categories":[8,6,5],"tags":[],"class_list":["post-14047","post","type-post","status-publish","format-standard","has-post-thumbnail","hentry","category-arsiv","category-gundem","category-son-dakika"],"_links":{"self":[{"href":"https:\/\/eskigazeteci.com\/index.php?rest_route=\/wp\/v2\/posts\/14047","targetHints":{"allow":["GET"]}}],"collection":[{"href":"https:\/\/eskigazeteci.com\/index.php?rest_route=\/wp\/v2\/posts"}],"about":[{"href":"https:\/\/eskigazeteci.com\/index.php?rest_route=\/wp\/v2\/types\/post"}],"author":[{"embeddable":true,"href":"https:\/\/eskigazeteci.com\/index.php?rest_route=\/wp\/v2\/users\/2"}],"replies":[{"embeddable":true,"href":"https:\/\/eskigazeteci.com\/index.php?rest_route=%2Fwp%2Fv2%2Fcomments&post=14047"}],"version-history":[{"count":0,"href":"https:\/\/eskigazeteci.com\/index.php?rest_route=\/wp\/v2\/posts\/14047\/revisions"}],"wp:featuredmedia":[{"embeddable":true,"href":"https:\/\/eskigazeteci.com\/index.php?rest_route=\/wp\/v2\/media\/14046"}],"wp:attachment":[{"href":"https:\/\/eskigazeteci.com\/index.php?rest_route=%2Fwp%2Fv2%2Fmedia&parent=14047"}],"wp:term":[{"taxonomy":"category","embeddable":true,"href":"https:\/\/eskigazeteci.com\/index.php?rest_route=%2Fwp%2Fv2%2Fcategories&post=14047"},{"taxonomy":"post_tag","embeddable":true,"href":"https:\/\/eskigazeteci.com\/index.php?rest_route=%2Fwp%2Fv2%2Ftags&post=14047"}],"curies":[{"name":"wp","href":"https:\/\/api.w.org\/{rel}","templated":true}]}}