{"id":14045,"date":"2026-03-20T14:34:24","date_gmt":"2026-03-20T14:34:24","guid":{"rendered":"https:\/\/eskigazeteci.com\/?p=14045"},"modified":"2026-03-20T14:34:24","modified_gmt":"2026-03-20T14:34:24","slug":"bakan-guler-hedefimiz-terorden-arindirilmis-guclu-bir-turkiyeye-ulasmaktir","status":"publish","type":"post","link":"https:\/\/eskigazeteci.com\/?p=14045","title":{"rendered":"Bakan G\u00fcler: Hedefimiz ter\u00f6rden ar\u0131nd\u0131r\u0131lm\u0131\u015f, g\u00fc\u00e7l\u00fc bir T\u00fcrkiye&#8217;ye ula\u015fmakt\u0131r"},"content":{"rendered":"<p>Bayram namaz\u0131n\u0131 Hatay\u2019\u0131n tarihi Habib-i Neccar Camisi\u2019nde k\u0131lan Milli Savunma Bakan\u0131 Ya\u015far G\u00fcler , beraberindeki TSK komuta kademesi ile Mersin\u2019e ge\u00e7erek Deniz Er E\u011fitim Alay\u0131&#x27;ndaki bahriyelilerle bayramla\u015ft\u0131. Bayramla\u015fmada ayr\u0131ca 2\u2019nci Amfibi Deniz Piyade Tugay Komutanl\u0131\u011f\u0131, \u0130skenderun Deniz \u00dcs Komutanl\u0131\u011f\u0131 ve 39\u2019uncu Mekanize Piyade Tugay Komutanl\u0131\u011f\u0131 personeli de yer ald\u0131. Bakan G\u00fcler, bayramla\u015fman\u0131n ard\u0131ndan Cumhurba\u015fkan\u0131 Recep Tayyip Erdo\u011fan\u2019\u0131 telefonla arayarak bayram\u0131n\u0131 tebrik etti. Cumhurba\u015fkan\u0131 Erdo\u011fan da Mehmet\u00e7ik&#x27;in bayram\u0131n\u0131 kutlayarak, &quot;Ben de \u015fu anda g\u00f6revleri ba\u015f\u0131nda bulunan gerek subay gerek er, erba\u015f, t\u00fcm kahraman ordumuzun mensuplar\u0131n\u0131 en kalbi duygularla selaml\u0131yorum ve Ramazan Bayram\u0131\u2019n\u0131n ordumuza ayr\u0131 bir g\u00fc\u00e7 katmas\u0131n\u0131 Rabb&#x27;imden niyaz ediyorum. Ve b\u00fct\u00fcn ordu mensuplar\u0131m\u0131z\u0131 g\u00f6zlerinden \u00f6p\u00fcyorum. Rabb&#x27;im yar ve yard\u0131mc\u0131n\u0131z olsun diyorum. Sa\u011f olun, var olun&quot; dedi. &#x27;M\u0130LLET\u0130M\u0130Z G\u00dc\u00c7L\u00dc B\u0130R B\u0130RL\u0130K RUHUNA SAH\u0130P&#x27;<\/p>\n<p>Bakan G\u00fcler, Cumhurba\u015fkan\u0131 Erdo\u011fan&#x27;\u0131n konu\u015fmas\u0131n\u0131n ard\u0131ndan Mehmet\u00e7ik&#x27;e hitap etti. G\u00fcler, Ramazan Bayram\u0131 vesilesiyle Deniz Er E\u011fitim Alay Komutanl\u0131\u011f\u0131&#x27;nda bulunmaktan b\u00fcy\u00fck bir mutluluk duydu\u011funu ifade ederek, &quot;M\u00fcbarek Ramazan Bayram\u0131&#x27;n\u0131z\u0131 en i\u00e7ten dileklerimle&#8230;<\/p>\n","protected":false},"excerpt":{"rendered":"<p>Milli Savunma Bakan\u0131 Ya\u015far G\u00fcler, Nihai hedefimiz; ter\u00f6r\u00fcn her t\u00fcr ve tezah\u00fcr\u00fcnden tamamen ar\u0131nd\u0131r\u0131lm\u0131\u015f, birli\u011fi ve huzuru daim k\u0131l\u0131nm\u0131\u015f g\u00fc\u00e7l\u00fc bir T\u00fcrkiye&#8217;ye&#8230;<\/p>\n","protected":false},"author":2,"featured_media":14044,"comment_status":"open","ping_status":"open","sticky":false,"template":"","format":"standard","meta":{"footnotes":""},"categories":[8,6,5],"tags":[],"class_list":["post-14045","post","type-post","status-publish","format-standard","has-post-thumbnail","hentry","category-arsiv","category-gundem","category-son-dakika"],"_links":{"self":[{"href":"https:\/\/eskigazeteci.com\/index.php?rest_route=\/wp\/v2\/posts\/14045","targetHints":{"allow":["GET"]}}],"collection":[{"href":"https:\/\/eskigazeteci.com\/index.php?rest_route=\/wp\/v2\/posts"}],"about":[{"href":"https:\/\/eskigazeteci.com\/index.php?rest_route=\/wp\/v2\/types\/post"}],"author":[{"embeddable":true,"href":"https:\/\/eskigazeteci.com\/index.php?rest_route=\/wp\/v2\/users\/2"}],"replies":[{"embeddable":true,"href":"https:\/\/eskigazeteci.com\/index.php?rest_route=%2Fwp%2Fv2%2Fcomments&post=14045"}],"version-history":[{"count":0,"href":"https:\/\/eskigazeteci.com\/index.php?rest_route=\/wp\/v2\/posts\/14045\/revisions"}],"wp:featuredmedia":[{"embeddable":true,"href":"https:\/\/eskigazeteci.com\/index.php?rest_route=\/wp\/v2\/media\/14044"}],"wp:attachment":[{"href":"https:\/\/eskigazeteci.com\/index.php?rest_route=%2Fwp%2Fv2%2Fmedia&parent=14045"}],"wp:term":[{"taxonomy":"category","embeddable":true,"href":"https:\/\/eskigazeteci.com\/index.php?rest_route=%2Fwp%2Fv2%2Fcategories&post=14045"},{"taxonomy":"post_tag","embeddable":true,"href":"https:\/\/eskigazeteci.com\/index.php?rest_route=%2Fwp%2Fv2%2Ftags&post=14045"}],"curies":[{"name":"wp","href":"https:\/\/api.w.org\/{rel}","templated":true}]}}