{"id":14041,"date":"2026-03-20T14:31:18","date_gmt":"2026-03-20T14:31:18","guid":{"rendered":"https:\/\/eskigazeteci.com\/?p=14041"},"modified":"2026-03-20T14:31:18","modified_gmt":"2026-03-20T14:31:18","slug":"a-milli-futbol-takiminin-rakibi-romanyanin-aday-kadrosu-aciklandi","status":"publish","type":"post","link":"https:\/\/eskigazeteci.com\/?p=14041","title":{"rendered":"A Milli Futbol Tak\u0131m\u0131&#8217;n\u0131n rakibi Romanya&#8217;n\u0131n aday kadrosu a\u00e7\u0131kland\u0131"},"content":{"rendered":"<p>Romanya Milli Futbol Tak\u0131m\u0131&#x27;n\u0131n 2026 FIFA D\u00fcnya Kupas\u0131 Avrupa Elemeleri play-off ma\u00e7lar\u0131 aday kadrosu a\u00e7\u0131kland\u0131.<\/p>\n<p>Romanya Futbol Federasyonu&#x27;ndan yap\u0131lan a\u00e7\u0131klamada, &quot;Kadroda, yurt d\u0131\u015f\u0131nda forma giyen 12 oyuncu ve Romanya S\u00fcper Ligi&#x27;nden 14 futbolcu yer al\u0131yor.&quot; ifadeleri kullan\u0131ld\u0131.<\/p>\n<p>S\u00dcPER L\u0130G&#x27;DEN 3 \u0130S\u0130M KADRODA Gaziantep FK&#x27;den Deian Sorescu, \u00c7aykur Rizespor&#x27;dan Valentin Mihaila ve Alanyaspor&#x27;dan Ianis Hagi aday kadroya davet edildi.<\/p>\n<p>T\u00dcRK\u0130YE \u0130LE ROMANYA \u0130STANBUL&#x27;DA KAR\u015eI KAR\u015eIYA GELECEK A Milli Futbol Tak\u0131m\u0131 , 2026 FIFA D\u00fcnya Kupas\u0131 Avrupa Elemeleri play-off yar\u0131 finalinde Romanya ile 26 Mart Per\u015fembe g\u00fcn\u00fc \u0130stanbul&#x27;da kar\u015f\u0131la\u015facak. T\u00fcpra\u015f Stad\u0131&#x27;ndaki ma\u00e7, saat 20.00&#x27;de ba\u015flayacak.<\/p>\n<p>Romanya, T\u00fcrkiye&#x27;yi ge\u00e7mesi durumunda play-off finalinde 31 Mart Sal\u0131 g\u00fcn\u00fc Slovakya-Kosova e\u015fle\u015fmesinin galibiyle kar\u015f\u0131 kar\u015f\u0131ya gelecek.<\/p>\n<p>\u0130\u015eTE ROMANYA &#x27;NIN ADAY KADROSU Kaleci : Ionu\u021b Radu (Real Club Celta), Marian Aioani (FC Rapid B\u00fckre\u015f), Mihai Popa (CFR Cluj)<\/p>\n<p>Defans : Andrei Ra\u021biu (Rayo Vallecano), Deian Sorescu (Gaziantep FK), Radu Dr\u0103gu\u0219in (Tottenham Hotspur), Andrei Burc\u0103 (Yunnan Yukun FC), Virgil Ghi\u021b\u0103 (Hannover 96), Adrian Rus (CS Universitatea Craiova), Andrei Coubi\u015f (FC Universitatea&#8230;<\/p>\n","protected":false},"excerpt":{"rendered":"<p>Romanya Milli Futbol Tak\u0131m\u0131&#8217;n\u0131n D\u00fcnya Kupas\u0131 Elemeleri play-off ma\u00e7lar\u0131 aday kadrosu a\u00e7\u0131kland\u0131.<\/p>\n","protected":false},"author":2,"featured_media":14040,"comment_status":"open","ping_status":"open","sticky":false,"template":"","format":"standard","meta":{"footnotes":""},"categories":[8,5,7],"tags":[],"class_list":["post-14041","post","type-post","status-publish","format-standard","has-post-thumbnail","hentry","category-arsiv","category-son-dakika","category-spor"],"_links":{"self":[{"href":"https:\/\/eskigazeteci.com\/index.php?rest_route=\/wp\/v2\/posts\/14041","targetHints":{"allow":["GET"]}}],"collection":[{"href":"https:\/\/eskigazeteci.com\/index.php?rest_route=\/wp\/v2\/posts"}],"about":[{"href":"https:\/\/eskigazeteci.com\/index.php?rest_route=\/wp\/v2\/types\/post"}],"author":[{"embeddable":true,"href":"https:\/\/eskigazeteci.com\/index.php?rest_route=\/wp\/v2\/users\/2"}],"replies":[{"embeddable":true,"href":"https:\/\/eskigazeteci.com\/index.php?rest_route=%2Fwp%2Fv2%2Fcomments&post=14041"}],"version-history":[{"count":0,"href":"https:\/\/eskigazeteci.com\/index.php?rest_route=\/wp\/v2\/posts\/14041\/revisions"}],"wp:featuredmedia":[{"embeddable":true,"href":"https:\/\/eskigazeteci.com\/index.php?rest_route=\/wp\/v2\/media\/14040"}],"wp:attachment":[{"href":"https:\/\/eskigazeteci.com\/index.php?rest_route=%2Fwp%2Fv2%2Fmedia&parent=14041"}],"wp:term":[{"taxonomy":"category","embeddable":true,"href":"https:\/\/eskigazeteci.com\/index.php?rest_route=%2Fwp%2Fv2%2Fcategories&post=14041"},{"taxonomy":"post_tag","embeddable":true,"href":"https:\/\/eskigazeteci.com\/index.php?rest_route=%2Fwp%2Fv2%2Ftags&post=14041"}],"curies":[{"name":"wp","href":"https:\/\/api.w.org\/{rel}","templated":true}]}}