{"id":14039,"date":"2026-03-20T14:24:24","date_gmt":"2026-03-20T14:24:24","guid":{"rendered":"https:\/\/eskigazeteci.com\/?p=14039"},"modified":"2026-03-20T14:24:24","modified_gmt":"2026-03-20T14:24:24","slug":"cumhurbaskani-erdogan-ak-parti-antalya-teskilatiyla-telefonda-bayramlasti","status":"publish","type":"post","link":"https:\/\/eskigazeteci.com\/?p=14039","title":{"rendered":"Cumhurba\u015fkan\u0131 Erdo\u011fan, AK Parti Antalya te\u015fkilat\u0131yla telefonda bayramla\u015ft\u0131"},"content":{"rendered":"<p>Ramazan Bayram\u0131 dolay\u0131s\u0131yla AK Parti Antalya \u0130l Ba\u015fkanl\u0131\u011f\u0131nda bayramla\u015fma t\u00f6reni d\u00fczenlendi. T\u00f6rene kat\u0131lan K\u00fclt\u00fcr ve Turizm Bakan\u0131 Mehmet Nuri Ersoy, Cumhurba\u015fkan\u0131 Erdo\u011fan&#x27;a telefonla ba\u011fland\u0131.<\/p>\n<p>Cumhurba\u015fkan\u0131 Erdo\u011fan, partililerin bayram\u0131n\u0131 kutlayarak, &quot;B\u00fct\u00fcn Antalya te\u015fkilat\u0131m\u0131za hay\u0131rl\u0131 bayramlar diliyorum. Nice bayramlara bizleri kavu\u015ftursun diyorum. Sizleri Rize&#x27;den sevgi ve sayg\u0131yla selaml\u0131yorum. Rabb&#x27;im yar ve yard\u0131mc\u0131m\u0131z olsun.&quot; dedi.<\/p>\n<p>Ersoy, t\u00f6rende yapt\u0131\u011f\u0131 konu\u015fmada, partililerin Ramazan Bayram\u0131&#x27;n\u0131 kutlad\u0131.<\/p>\n<p>Milletin emanet etti\u011fi makamlarda emanete lay\u0131k olman\u0131n gayretiyle gece g\u00fcnd\u00fcz \u00e7al\u0131\u015ft\u0131klar\u0131n\u0131 belirten Ersoy, &quot;Her bir b\u00f6lgemizi, her bir \u015fehrimizi sorumluluk saham\u0131zdaki ba\u015fl\u0131klarda daha ileriye ta\u015f\u0131mak, k\u00fclt\u00fcr ve turizmde hem varl\u0131klar\u0131m\u0131z\u0131 hem de bunlar\u0131n fayda ve getirilerini gerek nicelik gerek nitelik olarak art\u0131rmak i\u00e7in \u00fcretmeye, geli\u015ftirmeye, in\u015fa ve ihya etmeye devam ediyoruz.&quot; diye konu\u015ftu.<\/p>\n<p>&quot;TUR\u0130ZM SAHASINDA GEL\u0130RLER\u0130M\u0130Z\u0130 2017 YILINA KIYASLA Y\u00dcZDE 109 ARTIRDIK&quot;<\/p>\n<p>Ersoy, g\u00f6rev s\u00fcresi i\u00e7inde k\u00f6kl\u00fc de\u011fi\u015fimler, d\u00f6n\u00fc\u015f\u00fcmler ger\u00e7ekle\u015ftirdiklerini, \u00f6nc\u00fc ve \u00f6zg\u00fcn projeleri hayata ge\u00e7irdiklerini hat\u0131rlatt\u0131.<\/p>\n<p>Turizmdeki \u00e7al\u0131\u015fmalara de\u011finen Ersoy, s\u00f6zlerini \u015f\u00f6yle&#8230;<\/p>\n","protected":false},"excerpt":{"rendered":"<p>Cumhurba\u015fkan\u0131 Recep Tayyip Erdo\u011fan, Antalya&#8217;da AK Parti mensuplar\u0131yla bira araya gelen K\u00fclt\u00fcr ve Turizm Bakan\u0131 Mehmet Nuri Ersoy arac\u0131l\u0131\u011f\u0131yla partililerin&#8230;<\/p>\n","protected":false},"author":2,"featured_media":14038,"comment_status":"open","ping_status":"open","sticky":false,"template":"","format":"standard","meta":{"footnotes":""},"categories":[8,6,5],"tags":[],"class_list":["post-14039","post","type-post","status-publish","format-standard","has-post-thumbnail","hentry","category-arsiv","category-gundem","category-son-dakika"],"_links":{"self":[{"href":"https:\/\/eskigazeteci.com\/index.php?rest_route=\/wp\/v2\/posts\/14039","targetHints":{"allow":["GET"]}}],"collection":[{"href":"https:\/\/eskigazeteci.com\/index.php?rest_route=\/wp\/v2\/posts"}],"about":[{"href":"https:\/\/eskigazeteci.com\/index.php?rest_route=\/wp\/v2\/types\/post"}],"author":[{"embeddable":true,"href":"https:\/\/eskigazeteci.com\/index.php?rest_route=\/wp\/v2\/users\/2"}],"replies":[{"embeddable":true,"href":"https:\/\/eskigazeteci.com\/index.php?rest_route=%2Fwp%2Fv2%2Fcomments&post=14039"}],"version-history":[{"count":0,"href":"https:\/\/eskigazeteci.com\/index.php?rest_route=\/wp\/v2\/posts\/14039\/revisions"}],"wp:featuredmedia":[{"embeddable":true,"href":"https:\/\/eskigazeteci.com\/index.php?rest_route=\/wp\/v2\/media\/14038"}],"wp:attachment":[{"href":"https:\/\/eskigazeteci.com\/index.php?rest_route=%2Fwp%2Fv2%2Fmedia&parent=14039"}],"wp:term":[{"taxonomy":"category","embeddable":true,"href":"https:\/\/eskigazeteci.com\/index.php?rest_route=%2Fwp%2Fv2%2Fcategories&post=14039"},{"taxonomy":"post_tag","embeddable":true,"href":"https:\/\/eskigazeteci.com\/index.php?rest_route=%2Fwp%2Fv2%2Ftags&post=14039"}],"curies":[{"name":"wp","href":"https:\/\/api.w.org\/{rel}","templated":true}]}}