{"id":14037,"date":"2026-03-20T14:22:51","date_gmt":"2026-03-20T14:22:51","guid":{"rendered":"https:\/\/eskigazeteci.com\/?p=14037"},"modified":"2026-03-20T14:22:51","modified_gmt":"2026-03-20T14:22:51","slug":"umit-milli-futbol-takiminin-aday-kadrosu-belli-oldu","status":"publish","type":"post","link":"https:\/\/eskigazeteci.com\/?p=14037","title":{"rendered":"\u00dcmit Milli Futbol Tak\u0131m\u0131&#8217;n\u0131n aday kadrosu belli oldu"},"content":{"rendered":"<p>\u00dcmit Milli Futbol Tak\u0131m\u0131&#x27;n\u0131n 31 Mart Sal\u0131 g\u00fcn\u00fc H\u0131rvatistan ile deplasmanda oynayaca\u011f\u0131 2027 UEFA Avrupa 21 Ya\u015f Alt\u0131 \u015eampiyonas\u0131 Elemeleri H Grubu alt\u0131nc\u0131 ma\u00e7\u0131n\u0131n aday kadrosu duyuruldu.<\/p>\n<p>T\u00fcrkiye Futbol Federasyonunun a\u00e7\u0131klamas\u0131na g\u00f6re, aday kadroya davet edilen oyuncular, 24 Mart Sal\u0131 g\u00fcn\u00fc \u0130stanbul&#x27;da toplanacak.<\/p>\n<p>31 MART SALI G\u00dcN\u00dc OPUS ARENA&#x27;DA OYNANACAK Ay y\u0131ld\u0131zl\u0131 ekibin H\u0131rvatistan&#x27;\u0131n Osijek kentindeki Opus Arena&#x27;da oynayaca\u011f\u0131 ma\u00e7 TS\u0130 18.30&#x27;da ba\u015flayacak. Milli tak\u0131m\u0131n H\u0131rvatistan ile Trabzon&#x27;da oynad\u0131\u011f\u0131 eleme grubunun ilk ma\u00e7\u0131, 1-1 e\u015fitlikle sona ermi\u015fti.<\/p>\n<p>\u0130\u015eTE ADAY KADRO Teknik Direkt\u00f6r Egemen Korkmaz y\u00f6netimindeki \u00dcmit Milli Futbol Tak\u0131m\u0131&#x27;n\u0131n aday kadrosunda \u015fu isimler yer al\u0131yor:<\/p>\n<p>Kaleci : Jankat Y\u0131lmaz (ikas Ey\u00fcpspor), Deniz Erta\u015f (T\u00dcMOSAN Konyaspor), Deniz Dilmen (Atko Grup Pendikspor )<\/p>\n<p>Defans : Ayberk Karapo (Manisa FK), Mertcan Ayhan (Schalke 04), Berkay Y\u0131lmaz (1.FC N\u00fcrnberg), Emirhan Ba\u015fyi\u011fit (\u00d6zbelsan Sivasspor), Hamza G\u00fcreler (RAMS Ba\u015fak\u015fehir), Yi\u011fit Efe Demir ( Fenerbah\u00e7e ), Yasin \u00d6zcan ( Be\u015fikta\u015f ), Ada \u0130bik (Manisa FK)<\/p>\n<p>Orta Saha : Demir Ege T\u0131knaz (Braga), Ey\u00fcp Ayd\u0131n (Kas\u0131mpa\u015fa), Bar\u0131\u015f Kalayc\u0131 (M\u0131s\u0131rl\u0131.com.tr Fatih Karag\u00fcmr\u00fck), Emirhan \u0130lkhan (Torino), Baran&#8230;<\/p>\n","protected":false},"excerpt":{"rendered":"<p>\u00dcmit Milli Futbol Tak\u0131m\u0131&#8217;n\u0131n H\u0131rvatistan ma\u00e7\u0131n\u0131n aday kadrosu a\u00e7\u0131kland\u0131.<\/p>\n","protected":false},"author":2,"featured_media":14036,"comment_status":"open","ping_status":"open","sticky":false,"template":"","format":"standard","meta":{"footnotes":""},"categories":[8,5,7],"tags":[],"class_list":["post-14037","post","type-post","status-publish","format-standard","has-post-thumbnail","hentry","category-arsiv","category-son-dakika","category-spor"],"_links":{"self":[{"href":"https:\/\/eskigazeteci.com\/index.php?rest_route=\/wp\/v2\/posts\/14037","targetHints":{"allow":["GET"]}}],"collection":[{"href":"https:\/\/eskigazeteci.com\/index.php?rest_route=\/wp\/v2\/posts"}],"about":[{"href":"https:\/\/eskigazeteci.com\/index.php?rest_route=\/wp\/v2\/types\/post"}],"author":[{"embeddable":true,"href":"https:\/\/eskigazeteci.com\/index.php?rest_route=\/wp\/v2\/users\/2"}],"replies":[{"embeddable":true,"href":"https:\/\/eskigazeteci.com\/index.php?rest_route=%2Fwp%2Fv2%2Fcomments&post=14037"}],"version-history":[{"count":0,"href":"https:\/\/eskigazeteci.com\/index.php?rest_route=\/wp\/v2\/posts\/14037\/revisions"}],"wp:featuredmedia":[{"embeddable":true,"href":"https:\/\/eskigazeteci.com\/index.php?rest_route=\/wp\/v2\/media\/14036"}],"wp:attachment":[{"href":"https:\/\/eskigazeteci.com\/index.php?rest_route=%2Fwp%2Fv2%2Fmedia&parent=14037"}],"wp:term":[{"taxonomy":"category","embeddable":true,"href":"https:\/\/eskigazeteci.com\/index.php?rest_route=%2Fwp%2Fv2%2Fcategories&post=14037"},{"taxonomy":"post_tag","embeddable":true,"href":"https:\/\/eskigazeteci.com\/index.php?rest_route=%2Fwp%2Fv2%2Ftags&post=14037"}],"curies":[{"name":"wp","href":"https:\/\/api.w.org\/{rel}","templated":true}]}}