{"id":14035,"date":"2026-03-20T14:21:20","date_gmt":"2026-03-20T14:21:20","guid":{"rendered":"https:\/\/eskigazeteci.com\/?p=14035"},"modified":"2026-03-20T14:21:20","modified_gmt":"2026-03-20T14:21:20","slug":"kizilcik-serbeti-bu-aksam-var-mi-neden-yok-kizilcik-serbeti-yeni-bolum-ne-zaman-20-mart-2026-show-tv-yayin-akisi","status":"publish","type":"post","link":"https:\/\/eskigazeteci.com\/?p=14035","title":{"rendered":"K\u0131z\u0131lc\u0131k \u015eerbeti bu ak\u015fam var m\u0131, neden yok? K\u0131z\u0131lc\u0131k \u015eerbeti yeni b\u00f6l\u00fcm ne zaman? 20 Mart 2026 Show TV yay\u0131n ak\u0131\u015f\u0131"},"content":{"rendered":"<p>Sevilen dizi K\u0131z\u0131lc\u0131k \u015eerbeti 130. b\u00f6l\u00fcm fragman\u0131 yay\u0131nland\u0131. Ramazan Bayram\u0131 nedeniyle, bu ak\u015fam yay\u0131nlan\u0131p yay\u0131nlanmayaca\u011f\u0131 merak konusu oldu. Peki, K\u0131z\u0131lc\u0131k \u015eerbeti bu ak\u015fam var m\u0131, neden yok? K\u0131z\u0131lc\u0131k \u015eerbeti yeni b\u00f6l\u00fcm ne zaman? \u0130\u015fte K\u0131z\u0131lc\u0131k \u015eerbeti son b\u00f6l\u00fcm \u00f6zeti&#8230;<\/p>\n<p>Sevilen dizi K\u0131z\u0131lc\u0131k \u015eerbeti 130. b\u00f6l\u00fcm fragman\u0131 yay\u0131nland\u0131. Ramazan Bayram\u0131 nedeniyle, bu ak\u015fam yay\u0131nlan\u0131p yay\u0131nlanmayaca\u011f\u0131 merak konusu oldu. Peki, K\u0131z\u0131lc\u0131k \u015eerbeti bu ak\u015fam var m\u0131, neden yok? K\u0131z\u0131lc\u0131k \u015eerbeti yeni b\u00f6l\u00fcm ne zaman? \u0130\u015fte K\u0131z\u0131lc\u0131k \u015eerbeti son b\u00f6l\u00fcm \u00f6zeti&#8230;<\/p>\n<p>K\u0131z\u0131lc\u0131k \u015eerbeti yeni b\u00f6l\u00fcm Ramazan Bayram\u0131 nedeniyle bu ak\u015fam yay\u0131nlanmayacak. Onun yerine Aile Aras\u0131nda yeri komedi filmi ekranlarda olacak.<\/p>\n<p>K\u0131z\u0131lc\u0131k \u015eerbeti yeni b\u00f6l\u00fcm Ramazan Bayram\u0131 nedeniyle bu ak\u015fam yay\u0131nlanmayacak. Onun yerine Aile Aras\u0131nda yeri komedi filmi ekranlarda olacak.<\/p>\n<p>Dizinin yeni b\u00f6l\u00fcm\u00fc haftaya cuma ak\u015fam 27 Mart saat 20:00&#x27;da izleyicisiyle bulu\u015facak.<\/p>\n<p>Dizinin yeni b\u00f6l\u00fcm\u00fc haftaya cuma ak\u015fam 27 Mart saat 20:00&#x27;da izleyicisiyle bulu\u015facak.<\/p>\n<p>K\u0131z\u0131lc\u0131k \u015eerbeti 129. B\u00f6l\u00fcm\u00fcnde; Bo\u015fanmak i\u00e7in mahkemeye giderken Ba\u015fak\u2019\u0131, Fatih\u2019in yan\u0131ndan ka\u00e7\u0131rtan ki\u015fi Fatih\u2019ten ba\u015fkas\u0131 de\u011fildir. \u0130kisi aras\u0131nda buzlar erir, t\u00fcm problemlerini&#8230;<\/p>\n","protected":false},"excerpt":{"rendered":"<p>Show TV ekranlar\u0131n\u0131n fenomen dizisi K\u0131z\u0131lc\u0131k \u015eerbeti, bu ak\u015fam (20 Mart 2026) var m\u0131 yok mu merak ediliyor. Do\u011fa, Fatih ve G\u00f6rkem \u00fc\u00e7geninde gerilim&#8230;<\/p>\n","protected":false},"author":2,"featured_media":14034,"comment_status":"open","ping_status":"open","sticky":false,"template":"","format":"standard","meta":{"footnotes":""},"categories":[8,6,5],"tags":[],"class_list":["post-14035","post","type-post","status-publish","format-standard","has-post-thumbnail","hentry","category-arsiv","category-gundem","category-son-dakika"],"_links":{"self":[{"href":"https:\/\/eskigazeteci.com\/index.php?rest_route=\/wp\/v2\/posts\/14035","targetHints":{"allow":["GET"]}}],"collection":[{"href":"https:\/\/eskigazeteci.com\/index.php?rest_route=\/wp\/v2\/posts"}],"about":[{"href":"https:\/\/eskigazeteci.com\/index.php?rest_route=\/wp\/v2\/types\/post"}],"author":[{"embeddable":true,"href":"https:\/\/eskigazeteci.com\/index.php?rest_route=\/wp\/v2\/users\/2"}],"replies":[{"embeddable":true,"href":"https:\/\/eskigazeteci.com\/index.php?rest_route=%2Fwp%2Fv2%2Fcomments&post=14035"}],"version-history":[{"count":0,"href":"https:\/\/eskigazeteci.com\/index.php?rest_route=\/wp\/v2\/posts\/14035\/revisions"}],"wp:featuredmedia":[{"embeddable":true,"href":"https:\/\/eskigazeteci.com\/index.php?rest_route=\/wp\/v2\/media\/14034"}],"wp:attachment":[{"href":"https:\/\/eskigazeteci.com\/index.php?rest_route=%2Fwp%2Fv2%2Fmedia&parent=14035"}],"wp:term":[{"taxonomy":"category","embeddable":true,"href":"https:\/\/eskigazeteci.com\/index.php?rest_route=%2Fwp%2Fv2%2Fcategories&post=14035"},{"taxonomy":"post_tag","embeddable":true,"href":"https:\/\/eskigazeteci.com\/index.php?rest_route=%2Fwp%2Fv2%2Ftags&post=14035"}],"curies":[{"name":"wp","href":"https:\/\/api.w.org\/{rel}","templated":true}]}}