{"id":14033,"date":"2026-03-20T14:03:56","date_gmt":"2026-03-20T14:03:56","guid":{"rendered":"https:\/\/eskigazeteci.com\/?p=14033"},"modified":"2026-03-20T14:03:56","modified_gmt":"2026-03-20T14:03:56","slug":"iletisim-baskani-duran-israilin-mescid-edasi-saldirisi","status":"publish","type":"post","link":"https:\/\/eskigazeteci.com\/?p=14033","title":{"rendered":"\u0130leti\u015fim Ba\u015fkan\u0131 Duran: \u0130srail&#8217;in Mescid Edas\u0131 Sald\u0131r\u0131s\u0131"},"content":{"rendered":"<p>\u0130leti\u015fim Ba\u015fkan\u0131 Burhanettin Duran, \u0130srail i\u015fgal g\u00fc\u00e7lerinin Mescid-i Aksa&#x27;da bayram namaz\u0131n\u0131 eda etmek isteyen M\u00fcsl\u00fcmanlara sald\u0131r\u0131lar\u0131n\u0131 \u015fiddetle k\u0131n\u0131yor. Bu durum, \u0130slam d\u00fcnyas\u0131n\u0131n bir\u00e7o\u011frafi ismiyle ilgili \u00f6nemli bir olay olarak de\u011ferlendirilmektedir.<\/p>\n","protected":false},"excerpt":{"rendered":"<p>\u0130leti\u015fim Ba\u015fkan\u0131 Burhanettin Duran, \u0130srail i\u015fgal g\u00fc\u00e7lerinin M\u00fcsl\u00fcmanlara sald\u0131rmas\u0131n\u0131 \u015fiddetle k\u0131n\u0131yor&#8230;<\/p>\n","protected":false},"author":2,"featured_media":14032,"comment_status":"open","ping_status":"open","sticky":false,"template":"","format":"standard","meta":{"footnotes":""},"categories":[8,6,5],"tags":[],"class_list":["post-14033","post","type-post","status-publish","format-standard","has-post-thumbnail","hentry","category-arsiv","category-gundem","category-son-dakika"],"_links":{"self":[{"href":"https:\/\/eskigazeteci.com\/index.php?rest_route=\/wp\/v2\/posts\/14033","targetHints":{"allow":["GET"]}}],"collection":[{"href":"https:\/\/eskigazeteci.com\/index.php?rest_route=\/wp\/v2\/posts"}],"about":[{"href":"https:\/\/eskigazeteci.com\/index.php?rest_route=\/wp\/v2\/types\/post"}],"author":[{"embeddable":true,"href":"https:\/\/eskigazeteci.com\/index.php?rest_route=\/wp\/v2\/users\/2"}],"replies":[{"embeddable":true,"href":"https:\/\/eskigazeteci.com\/index.php?rest_route=%2Fwp%2Fv2%2Fcomments&post=14033"}],"version-history":[{"count":0,"href":"https:\/\/eskigazeteci.com\/index.php?rest_route=\/wp\/v2\/posts\/14033\/revisions"}],"wp:featuredmedia":[{"embeddable":true,"href":"https:\/\/eskigazeteci.com\/index.php?rest_route=\/wp\/v2\/media\/14032"}],"wp:attachment":[{"href":"https:\/\/eskigazeteci.com\/index.php?rest_route=%2Fwp%2Fv2%2Fmedia&parent=14033"}],"wp:term":[{"taxonomy":"category","embeddable":true,"href":"https:\/\/eskigazeteci.com\/index.php?rest_route=%2Fwp%2Fv2%2Fcategories&post=14033"},{"taxonomy":"post_tag","embeddable":true,"href":"https:\/\/eskigazeteci.com\/index.php?rest_route=%2Fwp%2Fv2%2Ftags&post=14033"}],"curies":[{"name":"wp","href":"https:\/\/api.w.org\/{rel}","templated":true}]}}