{"id":14031,"date":"2026-03-20T14:02:49","date_gmt":"2026-03-20T14:02:49","guid":{"rendered":"https:\/\/eskigazeteci.com\/?p=14031"},"modified":"2026-03-20T14:02:49","modified_gmt":"2026-03-20T14:02:49","slug":"cumhurbaskani-erdogan-bizim-gundemimizde-etrafimizi-saran-ates-cemberinden-ulkemizi-uzakta-tutmak-var","status":"publish","type":"post","link":"https:\/\/eskigazeteci.com\/?p=14031","title":{"rendered":"Cumhurba\u015fkan\u0131 Erdo\u011fan: Bizim g\u00fcndemimizde etraf\u0131m\u0131z\u0131 saran ate\u015f \u00e7emberinden \u00fclkemizi uzakta tutmak var"},"content":{"rendered":"<p>\u0130\u015fte Cumhurba\u015fkan\u0131 Erdo\u011fan &#x27;\u0131n a\u00e7\u0131klamalar\u0131ndan sat\u0131r ba\u015flar\u0131:<\/p>\n<p>Sevgili Rizeliler, de\u011ferli hem\u015ferilerim sizleri en kalbi duygular\u0131mla selaml\u0131yorum. Bug\u00fcn buradan sizlerle bir arada olman\u0131n bahtiyarl\u0131\u011f\u0131n\u0131 ya\u015f\u0131yorum. Cenab\u0131allah karde\u015fli\u011fimizi daim eylesin. Ramazan Bayram\u0131&#x27;n\u0131 da sizlerle kar\u015f\u0131layal\u0131m istedik. T\u00fcm Rize&#x27;nin t\u00fcm M\u00fcsl\u00fcmanlar\u0131n m\u00fcbarek Ramazan Bayram\u0131&#x27;n\u0131 tebrik ediyorum.<\/p>\n<p>Bayram\u0131n hem milletimiz hem \u0130slam alemi hem de insanl\u0131k i\u00e7in bar\u0131\u015f, huzur ve refaha vesile olmas\u0131n\u0131 diliyorum. Bilhassa Gazze&#x27;deki, \u0130ran&#x27;daki, Sudan&#x27;daki karde\u015flerimiz ba\u015fta olmak \u00fczere bayram\u0131 \u00e7e\u015fitli s\u0131k\u0131nt\u0131larla kar\u015f\u0131layan karde\u015flerimize bu m\u00fcbarek g\u00fcnlerin bar\u0131\u015f, huzur ve esenlik getirmesini temenni ediyorum. Biz daima adaletten, bar\u0131\u015ftan, karde\u015flik ve ho\u015fg\u00f6r\u00fcden yana tav\u0131r alm\u0131\u015f bir milletiz, bug\u00fcn de kendimiz i\u00e7in ne istiyorsak karde\u015flerimiz i\u00e7in de ayn\u0131 g\u00fczellikleri istiyoruz.<\/p>\n<p>Bug\u00fcn Ramazan Bayram\u0131&#x27;n\u0131n co\u015fkusuyla birlikte \u015fahs\u0131m i\u00e7in \u00e7ok \u00f6zel bir eseri hizmete sunaca\u011f\u0131z. G\u00fcneysu Tenzile Erdo\u011fan Devlet Hastanesi&#x27;nin Rize &#x27;mize G\u00fcneysu&#x27;muza hay\u0131rl\u0131 olmas\u0131n\u0131 diliyorum. Hastanemiz 100 yatak kapasitesiyle hizmet verecek. Rahmetli annemin ad\u0131n\u0131 ta\u015f\u0131yan hastaneyi G\u00fcneysu&#x27;ya kazand\u0131rd\u0131k.<\/p>\n<p>6 \u015eubat&#8230;<\/p>\n","protected":false},"excerpt":{"rendered":"<p>Cumhurba\u015fkan\u0131 Recep Tayyip Erdo\u011fan, Rize&#8217;de G\u00fcneysu Tenzile Erdo\u011fan Devlet Hastanesi a\u00e7\u0131l\u0131\u015f\u0131nda a\u00e7\u0131klamalarda bulundu. Cumhurba\u015fkan\u0131 Erdo\u011fan, Bayram\u0131n hem&#8230;<\/p>\n","protected":false},"author":2,"featured_media":14030,"comment_status":"open","ping_status":"open","sticky":false,"template":"","format":"standard","meta":{"footnotes":""},"categories":[8,6,5],"tags":[],"class_list":["post-14031","post","type-post","status-publish","format-standard","has-post-thumbnail","hentry","category-arsiv","category-gundem","category-son-dakika"],"_links":{"self":[{"href":"https:\/\/eskigazeteci.com\/index.php?rest_route=\/wp\/v2\/posts\/14031","targetHints":{"allow":["GET"]}}],"collection":[{"href":"https:\/\/eskigazeteci.com\/index.php?rest_route=\/wp\/v2\/posts"}],"about":[{"href":"https:\/\/eskigazeteci.com\/index.php?rest_route=\/wp\/v2\/types\/post"}],"author":[{"embeddable":true,"href":"https:\/\/eskigazeteci.com\/index.php?rest_route=\/wp\/v2\/users\/2"}],"replies":[{"embeddable":true,"href":"https:\/\/eskigazeteci.com\/index.php?rest_route=%2Fwp%2Fv2%2Fcomments&post=14031"}],"version-history":[{"count":0,"href":"https:\/\/eskigazeteci.com\/index.php?rest_route=\/wp\/v2\/posts\/14031\/revisions"}],"wp:featuredmedia":[{"embeddable":true,"href":"https:\/\/eskigazeteci.com\/index.php?rest_route=\/wp\/v2\/media\/14030"}],"wp:attachment":[{"href":"https:\/\/eskigazeteci.com\/index.php?rest_route=%2Fwp%2Fv2%2Fmedia&parent=14031"}],"wp:term":[{"taxonomy":"category","embeddable":true,"href":"https:\/\/eskigazeteci.com\/index.php?rest_route=%2Fwp%2Fv2%2Fcategories&post=14031"},{"taxonomy":"post_tag","embeddable":true,"href":"https:\/\/eskigazeteci.com\/index.php?rest_route=%2Fwp%2Fv2%2Ftags&post=14031"}],"curies":[{"name":"wp","href":"https:\/\/api.w.org\/{rel}","templated":true}]}}