{"id":14029,"date":"2026-03-20T14:01:17","date_gmt":"2026-03-20T14:01:17","guid":{"rendered":"https:\/\/eskigazeteci.com\/?p=14029"},"modified":"2026-03-20T14:01:17","modified_gmt":"2026-03-20T14:01:17","slug":"fenerbahce-12","status":"publish","type":"post","link":"https:\/\/eskigazeteci.com\/?p=14029","title":{"rendered":"Fenerbah\u00e7e"},"content":{"rendered":"<p>Trendyol S\u00fcper Lig Mehmet Ali Y\u0131lmaz Sezonu 28. hafta m\u00fcsabakalar\u0131na ili\u015fkin program a\u00e7\u0131kland\u0131.<\/p>\n<p>Trabzonspor &#8211; Galatasaray ma\u00e7\u0131 4 Nisan saat 20.00&#x27;de Papara Park&#x27;ta ger\u00e7ekle\u015fecek.<\/p>\n<p>DERB\u0130N\u0130N TAR\u0130H\u0130 BELL\u0130 OLDU<\/p>\n<p>\u015e\u00fckr\u00fc Saraco\u011flu&#x27;nda oynanacak Fenerbah\u00e7e &#8211; Be\u015fikta\u015f derbisinin 5 Nisan Pazar g\u00fcn\u00fc saat 20.00&#x27;de ger\u00e7ekle\u015fece\u011fi duyuruldu.<\/p>\n<p>\u0130\u015fte 28. hafta program\u0131:<\/p>\n<p>\ud83d\uddd3\ufe0f S\u00fcper Lig&#x27;de 28. haftan\u0131n program\u0131 a\u00e7\u0131kland\u0131 -Trabzonspor &#8211; Galatasaray: 4 Nisan 20:00 -Fenerbah\u00e7e &#8211; Be\u015fikta\u015f: 5 Nisan 20:00 pic.twitter.com\/74HU0HOrC2 \u2014 Spor Arena (@sporarena) March 20, 2026<\/p>\n<p>\ud83d\uddd3\ufe0f S\u00fcper Lig&#x27;de 28. haftan\u0131n program\u0131 a\u00e7\u0131kland\u0131 -Trabzonspor &#8211; Galatasaray: 4 Nisan 20:00 -Fenerbah\u00e7e &#8211; Be\u015fikta\u015f: 5 Nisan 20:00 pic.twitter.com\/74HU0HOrC2<\/p>\n<p>T\u00fcrkiye&#x27;den ve D\u00fcnya\u2019dan son dakika haberleri, k\u00f6\u015fe yaz\u0131lar\u0131, magazinden siyasete, spordan seyahate b\u00fct\u00fcn konular\u0131n tek adresi Hurriyet.com.tr haber i\u00e7erikleri izin al\u0131nmadan, kaynak g\u00f6sterilerek dahi iktibas edilemez. Kanuna ayk\u0131r\u0131 ve izinsiz olarak kopyalanamaz, ba\u015fka yerde yay\u0131nlanamaz.<\/p>\n","protected":false},"excerpt":{"rendered":"<p>TFF, S\u00fcper Lig&#8217;de milli aradan sonra oynanacak olan 28. haftan\u0131n program\u0131n\u0131 a\u00e7\u0131klad\u0131. Trendyol S\u00fcper Lig&#8217;in 28. haftas\u0131nda oynanacak Fenerbah\u00e7e &#8211; Be\u015fikta\u015f&#8230;<\/p>\n","protected":false},"author":2,"featured_media":14028,"comment_status":"open","ping_status":"open","sticky":false,"template":"","format":"standard","meta":{"footnotes":""},"categories":[8,5,7],"tags":[],"class_list":["post-14029","post","type-post","status-publish","format-standard","has-post-thumbnail","hentry","category-arsiv","category-son-dakika","category-spor"],"_links":{"self":[{"href":"https:\/\/eskigazeteci.com\/index.php?rest_route=\/wp\/v2\/posts\/14029","targetHints":{"allow":["GET"]}}],"collection":[{"href":"https:\/\/eskigazeteci.com\/index.php?rest_route=\/wp\/v2\/posts"}],"about":[{"href":"https:\/\/eskigazeteci.com\/index.php?rest_route=\/wp\/v2\/types\/post"}],"author":[{"embeddable":true,"href":"https:\/\/eskigazeteci.com\/index.php?rest_route=\/wp\/v2\/users\/2"}],"replies":[{"embeddable":true,"href":"https:\/\/eskigazeteci.com\/index.php?rest_route=%2Fwp%2Fv2%2Fcomments&post=14029"}],"version-history":[{"count":0,"href":"https:\/\/eskigazeteci.com\/index.php?rest_route=\/wp\/v2\/posts\/14029\/revisions"}],"wp:featuredmedia":[{"embeddable":true,"href":"https:\/\/eskigazeteci.com\/index.php?rest_route=\/wp\/v2\/media\/14028"}],"wp:attachment":[{"href":"https:\/\/eskigazeteci.com\/index.php?rest_route=%2Fwp%2Fv2%2Fmedia&parent=14029"}],"wp:term":[{"taxonomy":"category","embeddable":true,"href":"https:\/\/eskigazeteci.com\/index.php?rest_route=%2Fwp%2Fv2%2Fcategories&post=14029"},{"taxonomy":"post_tag","embeddable":true,"href":"https:\/\/eskigazeteci.com\/index.php?rest_route=%2Fwp%2Fv2%2Ftags&post=14029"}],"curies":[{"name":"wp","href":"https:\/\/api.w.org\/{rel}","templated":true}]}}