{"id":14021,"date":"2026-03-20T13:12:48","date_gmt":"2026-03-20T13:12:48","guid":{"rendered":"https:\/\/eskigazeteci.com\/?p=14021"},"modified":"2026-03-20T13:12:48","modified_gmt":"2026-03-20T13:12:48","slug":"kar-yagisiyla-her-yer-beyaza-burundu-kar-kalinligi-40-santimetreye-ulasti","status":"publish","type":"post","link":"https:\/\/eskigazeteci.com\/?p=14021","title":{"rendered":"Kar ya\u011f\u0131\u015f\u0131yla her yer beyaza b\u00fcr\u00fcnd\u00fc: Kar kal\u0131nl\u0131\u011f\u0131 40 santimetreye ula\u015ft\u0131"},"content":{"rendered":"<p>Sinekli, Kard\u00fcz, Bal\u0131kl\u0131 ve Odayeri yaylalar\u0131nda lapa lapa ya\u011fan karla birlikte kar kal\u0131nl\u0131\u011f\u0131 yer yer 40 santimetreye kadar ula\u015ft\u0131. Gece saatlerinden itibaren etkisini art\u0131ran ya\u011f\u0131\u015f, b\u00f6lgedeki ula\u015f\u0131m\u0131 da zaman zaman olumsuz etkiledi. Yetkililer, y\u00fcksek kesimlerde kar ya\u011f\u0131\u015f\u0131n\u0131n \u00f6n\u00fcm\u00fczdeki iki g\u00fcn boyunca aral\u0131klarla devam etmesinin beklendi\u011fini belirterek, \u00f6zellikle yaylalara \u00e7\u0131kacak vatanda\u015flar\u0131n dikkatli olmalar\u0131 konusunda uyar\u0131larda bulundu. Kar ya\u011f\u0131\u015f\u0131yla birlikte hava s\u0131cakl\u0131klar\u0131n\u0131n da hissedilir derecede d\u00fc\u015ft\u00fc\u011f\u00fc b\u00f6lgede, don ve buzlanma riskine kar\u015f\u0131 tedbir al\u0131nmas\u0131 gerekti\u011fi ifade edildi.<\/p>\n<p>\u00d6te yandan, ya\u011fan karla yaylalarda kartpostall\u0131k manzaralar olu\u015furken, beyaz \u00f6rt\u00fc do\u011faseverlerin ilgisini \u00e7ekti. Ekiplerin, ula\u015f\u0131mda aksama ya\u015fanmamas\u0131 i\u00e7in b\u00f6lgede \u00e7al\u0131\u015fmalar\u0131n\u0131 s\u00fcrd\u00fcrd\u00fc\u011f\u00fc \u00f6\u011frenildi.<\/p>\n<p>ABANT VE G\u00d6LC\u00dcK&#x27;TE MARTTA YA\u011eAN KAR TAT\u0130LC\u0130LER\u0130 SEV\u0130ND\u0130RD\u0130<\/p>\n<p>T\u00fcrkiye&#x27;nin do\u011fal g\u00fczellikleriyle \u00fcnl\u00fc Abant G\u00f6l\u00fc Milli Park\u0131 ve G\u00f6lc\u00fck Tabiat Park\u0131&#x27;nda martta kar etkili oldu. Gece ba\u015flayan ve sabah etkisini s\u00fcrd\u00fcren kar ya\u011f\u0131\u015f\u0131 sonras\u0131 Bolu kent merkezinin baz\u0131 kesimleri ile Abant ve G\u00f6lc\u00fck beyaza b\u00fcr\u00fcnd\u00fc. Kar kal\u0131nl\u0131\u011f\u0131 Abant G\u00f6l\u00fc Milli Park\u0131&#x27;nda 20, G\u00f6lc\u00fck Tabiat Park\u0131&#x27;nda 15 santimetreye&#8230;<\/p>\n","protected":false},"excerpt":{"rendered":"<p>D\u00fczce&#8217;nin y\u00fcksek kesimlerinde d\u00fcn gece saatlerinde etkili olan sa\u011fanak ya\u011f\u0131\u015f, sabaha kar\u015f\u0131 yerini kar ya\u011f\u0131\u015f\u0131na b\u0131rakt\u0131. \u00d6zellikle kentin yayla b\u00f6lgelerinde&#8230;<\/p>\n","protected":false},"author":2,"featured_media":14020,"comment_status":"open","ping_status":"open","sticky":false,"template":"","format":"standard","meta":{"footnotes":""},"categories":[8,6,5],"tags":[],"class_list":["post-14021","post","type-post","status-publish","format-standard","has-post-thumbnail","hentry","category-arsiv","category-gundem","category-son-dakika"],"_links":{"self":[{"href":"https:\/\/eskigazeteci.com\/index.php?rest_route=\/wp\/v2\/posts\/14021","targetHints":{"allow":["GET"]}}],"collection":[{"href":"https:\/\/eskigazeteci.com\/index.php?rest_route=\/wp\/v2\/posts"}],"about":[{"href":"https:\/\/eskigazeteci.com\/index.php?rest_route=\/wp\/v2\/types\/post"}],"author":[{"embeddable":true,"href":"https:\/\/eskigazeteci.com\/index.php?rest_route=\/wp\/v2\/users\/2"}],"replies":[{"embeddable":true,"href":"https:\/\/eskigazeteci.com\/index.php?rest_route=%2Fwp%2Fv2%2Fcomments&post=14021"}],"version-history":[{"count":0,"href":"https:\/\/eskigazeteci.com\/index.php?rest_route=\/wp\/v2\/posts\/14021\/revisions"}],"wp:featuredmedia":[{"embeddable":true,"href":"https:\/\/eskigazeteci.com\/index.php?rest_route=\/wp\/v2\/media\/14020"}],"wp:attachment":[{"href":"https:\/\/eskigazeteci.com\/index.php?rest_route=%2Fwp%2Fv2%2Fmedia&parent=14021"}],"wp:term":[{"taxonomy":"category","embeddable":true,"href":"https:\/\/eskigazeteci.com\/index.php?rest_route=%2Fwp%2Fv2%2Fcategories&post=14021"},{"taxonomy":"post_tag","embeddable":true,"href":"https:\/\/eskigazeteci.com\/index.php?rest_route=%2Fwp%2Fv2%2Ftags&post=14021"}],"curies":[{"name":"wp","href":"https:\/\/api.w.org\/{rel}","templated":true}]}}