{"id":13989,"date":"2026-03-20T11:41:13","date_gmt":"2026-03-20T11:41:13","guid":{"rendered":"https:\/\/eskigazeteci.com\/?p=13989"},"modified":"2026-03-20T11:41:13","modified_gmt":"2026-03-20T11:41:13","slug":"cumhurbaskani-erdogandan-onemli-aciklamalar-8","status":"publish","type":"post","link":"https:\/\/eskigazeteci.com\/?p=13989","title":{"rendered":"Cumhurba\u015fkan\u0131 Erdo\u011fan&#8217;dan \u00f6nemli a\u00e7\u0131klamalar"},"content":{"rendered":"<p>Cumhurba\u015fkan\u0131 Erdo\u011fan &#x27;\u0131n a\u00e7\u0131klamalar\u0131ndan sat\u0131r ba\u015flar\u0131;<\/p>\n<p>T\u00fcm \u0130slam aleminin Ramazan Bayram\u0131\u2019n\u0131 can\u0131 g\u00f6n\u00fclden tebrik ediyorum. Bu m\u00fcbarek g\u00fcnlerin aram\u0131zdaki birli\u011fi, karde\u015fli\u011fi, g\u00fczel dayan\u0131\u015fma iklimini g\u00fc\u00e7lendirmesini temenni ediyorum.<\/p>\n<p>Milletimizin her kesimiyle ayn\u0131 ekme\u011fi b\u00f6l\u00fc\u015ft\u00fck payla\u015ft\u0131k.<\/p>\n<p>Bayram\u0131 h\u00fcz\u00fcnle ge\u00e7iren karde\u015flerimizi selaml\u0131yorum. Co\u011frafyam\u0131zdaki zorluklar\u0131 a\u015faca\u011f\u0131z.<\/p>\n<p>Ayr\u0131nt\u0131lar Geliyor&#8230;<\/p>\n<p>T\u00fcrkiye g\u00fcndeminden son dakika haberleri, bug\u00fcn ya\u015fanan en son geli\u015fmeler, siyaset g\u00fcndeminden g\u00fcncel haberler ve b\u00fct\u00fcn son dakika haberleri i\u00e7in H\u00fcrriyet&#x27;in internet haber sitesi hurriyet.com.tr; Hurriyet.com.tr haber i\u00e7erikleri kaynak g\u00f6sterilmeden al\u0131nt\u0131 yap\u0131lamaz, Kanuna ayk\u0131r\u0131 ve izinsiz olarak kopyalanamaz, ba\u015fka yerde yay\u0131nlanamaz.<\/p>\n","protected":false},"excerpt":{"rendered":"<p>Cumhurba\u015fkan\u0131 Recep Tayyip Erdo\u011fan, Rize&#8217;de Bayramla\u015fma Program\u0131&#8217;nda konu\u015fuyor.<\/p>\n","protected":false},"author":2,"featured_media":13988,"comment_status":"open","ping_status":"open","sticky":false,"template":"","format":"standard","meta":{"footnotes":""},"categories":[8,6,5],"tags":[],"class_list":["post-13989","post","type-post","status-publish","format-standard","has-post-thumbnail","hentry","category-arsiv","category-gundem","category-son-dakika"],"_links":{"self":[{"href":"https:\/\/eskigazeteci.com\/index.php?rest_route=\/wp\/v2\/posts\/13989","targetHints":{"allow":["GET"]}}],"collection":[{"href":"https:\/\/eskigazeteci.com\/index.php?rest_route=\/wp\/v2\/posts"}],"about":[{"href":"https:\/\/eskigazeteci.com\/index.php?rest_route=\/wp\/v2\/types\/post"}],"author":[{"embeddable":true,"href":"https:\/\/eskigazeteci.com\/index.php?rest_route=\/wp\/v2\/users\/2"}],"replies":[{"embeddable":true,"href":"https:\/\/eskigazeteci.com\/index.php?rest_route=%2Fwp%2Fv2%2Fcomments&post=13989"}],"version-history":[{"count":0,"href":"https:\/\/eskigazeteci.com\/index.php?rest_route=\/wp\/v2\/posts\/13989\/revisions"}],"wp:featuredmedia":[{"embeddable":true,"href":"https:\/\/eskigazeteci.com\/index.php?rest_route=\/wp\/v2\/media\/13988"}],"wp:attachment":[{"href":"https:\/\/eskigazeteci.com\/index.php?rest_route=%2Fwp%2Fv2%2Fmedia&parent=13989"}],"wp:term":[{"taxonomy":"category","embeddable":true,"href":"https:\/\/eskigazeteci.com\/index.php?rest_route=%2Fwp%2Fv2%2Fcategories&post=13989"},{"taxonomy":"post_tag","embeddable":true,"href":"https:\/\/eskigazeteci.com\/index.php?rest_route=%2Fwp%2Fv2%2Ftags&post=13989"}],"curies":[{"name":"wp","href":"https:\/\/api.w.org\/{rel}","templated":true}]}}