{"id":13985,"date":"2026-03-20T11:21:10","date_gmt":"2026-03-20T11:21:10","guid":{"rendered":"https:\/\/eskigazeteci.com\/?p=13985"},"modified":"2026-03-20T11:21:10","modified_gmt":"2026-03-20T11:21:10","slug":"tasacak-bu-deniz-bu-aksam-var-mi-tasacak-bu-deniz-yeni-bolum-ne-zaman-20-mart-2026-trt-1-yayin-akisi","status":"publish","type":"post","link":"https:\/\/eskigazeteci.com\/?p=13985","title":{"rendered":"Ta\u015facak Bu Deniz bu ak\u015fam var m\u0131? Ta\u015facak Bu Deniz yeni b\u00f6l\u00fcm ne zaman? 20 Mart 2026 TRT 1 yay\u0131n ak\u0131\u015f\u0131"},"content":{"rendered":"<p>Ta\u015facak Bu Deniz yeni b\u00f6l\u00fcm i\u00e7in heyecanl\u0131 bekleyi\u015f ba\u015flad\u0131. Cuma g\u00fcnleri ekrana gelen Ta\u015facak Bu Deniz 22. b\u00f6l\u00fcm ile izleyicisiyle bulu\u015facak. Ancak Ramazan Bayram\u0131 nedeniyle Ta\u015facak Bu Deniz bu ak\u015fam var m\u0131 yok mu merak ediliyor. Ta\u015facak Bu Deniz yeni b\u00f6l\u00fcm ne zaman? 20 Mart 2026 TRT 1 yay\u0131n ak\u0131\u015f\u0131 ve Ta\u015facak Bu Deniz son b\u00f6l\u00fcm \u00f6zeti<\/p>\n<p>Ta\u015facak Bu Deniz yeni b\u00f6l\u00fcm i\u00e7in heyecanl\u0131 bekleyi\u015f ba\u015flad\u0131. Cuma g\u00fcnleri ekrana gelen Ta\u015facak Bu Deniz 22. b\u00f6l\u00fcm ile izleyicisiyle bulu\u015facak. Ancak Ramazan Bayram\u0131 nedeniyle Ta\u015facak Bu Deniz bu ak\u015fam var m\u0131 yok mu merak ediliyor. Ta\u015facak Bu Deniz yeni b\u00f6l\u00fcm ne zaman? 20 Mart 2026 TRT 1 yay\u0131n ak\u0131\u015f\u0131 ve Ta\u015facak Bu Deniz son b\u00f6l\u00fcm \u00f6zeti<\/p>\n<p>Ta\u015facak Bu Deniz 20 Mart ak\u015fam\u0131 tekrar b\u00f6l\u00fcm\u00fc ile TRT 1 ekranlar\u0131nda olacak.<\/p>\n<p>Ta\u015facak Bu Deniz 20 Mart ak\u015fam\u0131 tekrar b\u00f6l\u00fcm\u00fc ile TRT 1 ekranlar\u0131nda olacak.<\/p>\n<p>Heyecanla beklenen Ta\u015facak Bu Deniz 22. b\u00f6l\u00fcm, bir haftal\u0131k bayram aras\u0131n\u0131n ard\u0131ndan 27 Mart&#x27;ta kendi g\u00fcn\u00fcnde ve saatinde geri d\u00f6necek.<\/p>\n<p>Heyecanla beklenen Ta\u015facak Bu Deniz 22. b\u00f6l\u00fcm, bir haftal\u0131k bayram aras\u0131n\u0131n ard\u0131ndan 27 Mart&#x27;ta kendi g\u00fcn\u00fcnde ve saatinde geri d\u00f6necek.<\/p>\n<p>Gezep, Eleni\u2019nin Adil ve Esme\u2019nin k\u0131z\u0131 oldu\u011funu \u00f6\u011frendi\u011finde b\u00fcy\u00fck bir sevin\u00e7 ya\u015far,&#8230;<\/p>\n","protected":false},"excerpt":{"rendered":"<p>TRT 1\u2019in Karadeniz f\u0131rt\u0131nas\u0131 estiren dizisi Ta\u015facak Bu Deniz, bu ak\u015fam (20 Mart 2026 Cuma) yay\u0131nlanacak m\u0131? \u0130zleyiciler 22. yeni b\u00f6l\u00fcm\u00fc beklerken TRT 1 yay\u0131n&#8230;<\/p>\n","protected":false},"author":2,"featured_media":13984,"comment_status":"open","ping_status":"open","sticky":false,"template":"","format":"standard","meta":{"footnotes":""},"categories":[8,6,5],"tags":[],"class_list":["post-13985","post","type-post","status-publish","format-standard","has-post-thumbnail","hentry","category-arsiv","category-gundem","category-son-dakika"],"_links":{"self":[{"href":"https:\/\/eskigazeteci.com\/index.php?rest_route=\/wp\/v2\/posts\/13985","targetHints":{"allow":["GET"]}}],"collection":[{"href":"https:\/\/eskigazeteci.com\/index.php?rest_route=\/wp\/v2\/posts"}],"about":[{"href":"https:\/\/eskigazeteci.com\/index.php?rest_route=\/wp\/v2\/types\/post"}],"author":[{"embeddable":true,"href":"https:\/\/eskigazeteci.com\/index.php?rest_route=\/wp\/v2\/users\/2"}],"replies":[{"embeddable":true,"href":"https:\/\/eskigazeteci.com\/index.php?rest_route=%2Fwp%2Fv2%2Fcomments&post=13985"}],"version-history":[{"count":0,"href":"https:\/\/eskigazeteci.com\/index.php?rest_route=\/wp\/v2\/posts\/13985\/revisions"}],"wp:featuredmedia":[{"embeddable":true,"href":"https:\/\/eskigazeteci.com\/index.php?rest_route=\/wp\/v2\/media\/13984"}],"wp:attachment":[{"href":"https:\/\/eskigazeteci.com\/index.php?rest_route=%2Fwp%2Fv2%2Fmedia&parent=13985"}],"wp:term":[{"taxonomy":"category","embeddable":true,"href":"https:\/\/eskigazeteci.com\/index.php?rest_route=%2Fwp%2Fv2%2Fcategories&post=13985"},{"taxonomy":"post_tag","embeddable":true,"href":"https:\/\/eskigazeteci.com\/index.php?rest_route=%2Fwp%2Fv2%2Ftags&post=13985"}],"curies":[{"name":"wp","href":"https:\/\/api.w.org\/{rel}","templated":true}]}}