{"id":13983,"date":"2026-03-20T11:11:09","date_gmt":"2026-03-20T11:11:09","guid":{"rendered":"https:\/\/eskigazeteci.com\/?p=13983"},"modified":"2026-03-20T11:11:09","modified_gmt":"2026-03-20T11:11:09","slug":"a-milli-futbol-takimimizin-aday-kadrosu-aciklandi","status":"publish","type":"post","link":"https:\/\/eskigazeteci.com\/?p=13983","title":{"rendered":"A Milli Futbol Tak\u0131m\u0131&#8217;m\u0131z\u0131n aday kadrosu a\u00e7\u0131kland\u0131!"},"content":{"rendered":"<p>A Mill\u00ee Tak\u0131m\u0131m\u0131z\u0131n 2026 FIFA D\u00fcnya Kupas\u0131 play-off turu kar\u015f\u0131la\u015fmalar\u0131nda m\u00fccadele edecek aday kadrosu a\u00e7\u0131kland\u0131.<\/p>\n<p>Teknik Direkt\u00f6r Vincenzo Montella taraf\u0131ndan belirlenen kadroda 30 futbolcu bulunuyor.<\/p>\n<p>Ay-Y\u0131ld\u0131zl\u0131lar, 26 Mart Per\u015fembe g\u00fcn\u00fc \u0130stanbul&#x27;da oynanacak play-off yar\u0131 finalinde Romanya &#x27;y\u0131 Be\u015fikta\u015f Park&#x27;ta a\u011f\u0131rlayacak. A Mill\u00ee Tak\u0131m\u0131m\u0131z, rakibini elemesi halinde, Slovakya ile Kosova aras\u0131nda oynanacak di\u011fer yar\u0131 final e\u015fle\u015fmesinin galibi ile 31 Mart Sal\u0131 g\u00fcn\u00fc deplasmanda final ma\u00e7\u0131nda kar\u015f\u0131la\u015facak.<\/p>\n<p>\u0130\u015eTE ADAY KADRO<\/p>\n<p>T\u00fcrkiye&#x27;den ve D\u00fcnya\u2019dan son dakika haberleri, k\u00f6\u015fe yaz\u0131lar\u0131, magazinden siyasete, spordan seyahate b\u00fct\u00fcn konular\u0131n tek adresi Hurriyet.com.tr haber i\u00e7erikleri izin al\u0131nmadan, kaynak g\u00f6sterilerek dahi iktibas edilemez. Kanuna ayk\u0131r\u0131 ve izinsiz olarak kopyalanamaz, ba\u015fka yerde yay\u0131nlanamaz.<\/p>\n","protected":false},"excerpt":{"rendered":"<p>A Milli Futbol Tak\u0131m\u0131&#8217;m\u0131z\u0131n D\u00fcnya Kupas\u0131 Play-Off ma\u00e7lar\u0131 aday kadrosu belli oldu.<\/p>\n","protected":false},"author":2,"featured_media":13982,"comment_status":"open","ping_status":"open","sticky":false,"template":"","format":"standard","meta":{"footnotes":""},"categories":[8,5,7],"tags":[],"class_list":["post-13983","post","type-post","status-publish","format-standard","has-post-thumbnail","hentry","category-arsiv","category-son-dakika","category-spor"],"_links":{"self":[{"href":"https:\/\/eskigazeteci.com\/index.php?rest_route=\/wp\/v2\/posts\/13983","targetHints":{"allow":["GET"]}}],"collection":[{"href":"https:\/\/eskigazeteci.com\/index.php?rest_route=\/wp\/v2\/posts"}],"about":[{"href":"https:\/\/eskigazeteci.com\/index.php?rest_route=\/wp\/v2\/types\/post"}],"author":[{"embeddable":true,"href":"https:\/\/eskigazeteci.com\/index.php?rest_route=\/wp\/v2\/users\/2"}],"replies":[{"embeddable":true,"href":"https:\/\/eskigazeteci.com\/index.php?rest_route=%2Fwp%2Fv2%2Fcomments&post=13983"}],"version-history":[{"count":0,"href":"https:\/\/eskigazeteci.com\/index.php?rest_route=\/wp\/v2\/posts\/13983\/revisions"}],"wp:featuredmedia":[{"embeddable":true,"href":"https:\/\/eskigazeteci.com\/index.php?rest_route=\/wp\/v2\/media\/13982"}],"wp:attachment":[{"href":"https:\/\/eskigazeteci.com\/index.php?rest_route=%2Fwp%2Fv2%2Fmedia&parent=13983"}],"wp:term":[{"taxonomy":"category","embeddable":true,"href":"https:\/\/eskigazeteci.com\/index.php?rest_route=%2Fwp%2Fv2%2Fcategories&post=13983"},{"taxonomy":"post_tag","embeddable":true,"href":"https:\/\/eskigazeteci.com\/index.php?rest_route=%2Fwp%2Fv2%2Ftags&post=13983"}],"curies":[{"name":"wp","href":"https:\/\/api.w.org\/{rel}","templated":true}]}}