{"id":13981,"date":"2026-03-20T11:03:54","date_gmt":"2026-03-20T11:03:54","guid":{"rendered":"https:\/\/eskigazeteci.com\/?p=13981"},"modified":"2026-03-20T11:03:54","modified_gmt":"2026-03-20T11:03:54","slug":"manisada-korkunc-olay-ocakta-unuttugu-yemek-yandi-dumandan-etkilenerek-hayatini-kaybetti","status":"publish","type":"post","link":"https:\/\/eskigazeteci.com\/?p=13981","title":{"rendered":"Manisa&#8217;da korkun\u00e7 olay! Ocakta unuttu\u011fu yemek yand\u0131, dumandan etkilenerek hayat\u0131n\u0131 kaybetti"},"content":{"rendered":"<p>Olay, saat 08.30 s\u0131ralar\u0131nda Akp\u0131nar Mahallesi 205 Sokak&#x27;taki bir apartman dairesinde meydana geldi. \u0130ddiaya g\u00f6re; Elif \u00d6lmez, mutfakta haz\u0131rlad\u0131\u011f\u0131 yeme\u011fi ocakta unutup uyudu.<\/p>\n<p>Yeme\u011fin yanmas\u0131yla olu\u015fan yo\u011fun duman k\u0131sa s\u00fcrede evi sard\u0131. Yaln\u0131z ya\u015fayan \u00d6lmez&#x27;in yak\u0131nlar\u0131, eve geldiklerinde kendisini hareketsiz halde buldu. Ambulansla hastaneye kald\u0131r\u0131lan Elif \u00d6lmez, kurtar\u0131lamad\u0131.<\/p>\n<p>BAYRAMDA GELECEK TORUNLARI \u0130\u00c7\u0130N YEMEK HAZIRLIYORDU<\/p>\n<p>\u00d6lmez&#x27;in bayramda gelecek torunlar\u0131 i\u00e7in yemek haz\u0131rlad\u0131\u011f\u0131 belirtildi. Olayla ilgili inceleme ba\u015flat\u0131ld\u0131.<\/p>\n<p>T\u00fcrkiye g\u00fcndeminden son dakika haberleri, bug\u00fcn ya\u015fanan en son geli\u015fmeler, siyaset g\u00fcndeminden g\u00fcncel haberler ve b\u00fct\u00fcn son dakika haberleri i\u00e7in H\u00fcrriyet&#x27;in internet haber sitesi hurriyet.com.tr; Hurriyet.com.tr haber i\u00e7erikleri kaynak g\u00f6sterilmeden al\u0131nt\u0131 yap\u0131lamaz, Kanuna ayk\u0131r\u0131 ve izinsiz olarak kopyalanamaz, ba\u015fka yerde yay\u0131nlanamaz.<\/p>\n","protected":false},"excerpt":{"rendered":"<p>Manisa&#8217;n\u0131n \u015eehzadeler il\u00e7esinde yaln\u0131z ya\u015fayan Elif \u00d6lmez (73), bayramda gelecek torunlar\u0131 i\u00e7in haz\u0131rlad\u0131\u011f\u0131 yeme\u011fi oca\u011fa koyduktan sonra uyudu. Yeme\u011fin&#8230;<\/p>\n","protected":false},"author":2,"featured_media":13980,"comment_status":"open","ping_status":"open","sticky":false,"template":"","format":"standard","meta":{"footnotes":""},"categories":[8,6,5],"tags":[],"class_list":["post-13981","post","type-post","status-publish","format-standard","has-post-thumbnail","hentry","category-arsiv","category-gundem","category-son-dakika"],"_links":{"self":[{"href":"https:\/\/eskigazeteci.com\/index.php?rest_route=\/wp\/v2\/posts\/13981","targetHints":{"allow":["GET"]}}],"collection":[{"href":"https:\/\/eskigazeteci.com\/index.php?rest_route=\/wp\/v2\/posts"}],"about":[{"href":"https:\/\/eskigazeteci.com\/index.php?rest_route=\/wp\/v2\/types\/post"}],"author":[{"embeddable":true,"href":"https:\/\/eskigazeteci.com\/index.php?rest_route=\/wp\/v2\/users\/2"}],"replies":[{"embeddable":true,"href":"https:\/\/eskigazeteci.com\/index.php?rest_route=%2Fwp%2Fv2%2Fcomments&post=13981"}],"version-history":[{"count":0,"href":"https:\/\/eskigazeteci.com\/index.php?rest_route=\/wp\/v2\/posts\/13981\/revisions"}],"wp:featuredmedia":[{"embeddable":true,"href":"https:\/\/eskigazeteci.com\/index.php?rest_route=\/wp\/v2\/media\/13980"}],"wp:attachment":[{"href":"https:\/\/eskigazeteci.com\/index.php?rest_route=%2Fwp%2Fv2%2Fmedia&parent=13981"}],"wp:term":[{"taxonomy":"category","embeddable":true,"href":"https:\/\/eskigazeteci.com\/index.php?rest_route=%2Fwp%2Fv2%2Fcategories&post=13981"},{"taxonomy":"post_tag","embeddable":true,"href":"https:\/\/eskigazeteci.com\/index.php?rest_route=%2Fwp%2Fv2%2Ftags&post=13981"}],"curies":[{"name":"wp","href":"https:\/\/api.w.org\/{rel}","templated":true}]}}