{"id":13979,"date":"2026-03-20T11:02:22","date_gmt":"2026-03-20T11:02:22","guid":{"rendered":"https:\/\/eskigazeteci.com\/?p=13979"},"modified":"2026-03-20T11:02:22","modified_gmt":"2026-03-20T11:02:22","slug":"marco-asensioya-ispanyol-gunlugu","status":"publish","type":"post","link":"https:\/\/eskigazeteci.com\/?p=13979","title":{"rendered":"Marco Asensio&#8217;ya \u0130spanyol G\u00fcnl\u00fc\u011f\u00fc"},"content":{"rendered":"<p>Fenerbah\u00e7e formas\u0131 giyen Marco Asensio, \u0130spanya Milli Tak\u0131m\u0131&#x27;dan bekledi\u011fi daveti alamad\u0131. \u0130spanyola giden 30 ya\u015f\u0131ndaki futbolcu, \u0130spanya Milli Tak\u0131m\u0131&#x27;nda yer ald\u0131.<\/p>\n","protected":false},"excerpt":{"rendered":"<p>Fenerbah\u00e7e&#8217;nin \u0130spanyol y\u0131ld\u0131z\u0131 Marco Asensio&#8217;ya \u0130spanya Milli Tak\u0131m\u0131&#8217;n\u0131n daveti geldi.<\/p>\n","protected":false},"author":2,"featured_media":13978,"comment_status":"open","ping_status":"open","sticky":false,"template":"","format":"standard","meta":{"footnotes":""},"categories":[8,5,7],"tags":[],"class_list":["post-13979","post","type-post","status-publish","format-standard","has-post-thumbnail","hentry","category-arsiv","category-son-dakika","category-spor"],"_links":{"self":[{"href":"https:\/\/eskigazeteci.com\/index.php?rest_route=\/wp\/v2\/posts\/13979","targetHints":{"allow":["GET"]}}],"collection":[{"href":"https:\/\/eskigazeteci.com\/index.php?rest_route=\/wp\/v2\/posts"}],"about":[{"href":"https:\/\/eskigazeteci.com\/index.php?rest_route=\/wp\/v2\/types\/post"}],"author":[{"embeddable":true,"href":"https:\/\/eskigazeteci.com\/index.php?rest_route=\/wp\/v2\/users\/2"}],"replies":[{"embeddable":true,"href":"https:\/\/eskigazeteci.com\/index.php?rest_route=%2Fwp%2Fv2%2Fcomments&post=13979"}],"version-history":[{"count":0,"href":"https:\/\/eskigazeteci.com\/index.php?rest_route=\/wp\/v2\/posts\/13979\/revisions"}],"wp:featuredmedia":[{"embeddable":true,"href":"https:\/\/eskigazeteci.com\/index.php?rest_route=\/wp\/v2\/media\/13978"}],"wp:attachment":[{"href":"https:\/\/eskigazeteci.com\/index.php?rest_route=%2Fwp%2Fv2%2Fmedia&parent=13979"}],"wp:term":[{"taxonomy":"category","embeddable":true,"href":"https:\/\/eskigazeteci.com\/index.php?rest_route=%2Fwp%2Fv2%2Fcategories&post=13979"},{"taxonomy":"post_tag","embeddable":true,"href":"https:\/\/eskigazeteci.com\/index.php?rest_route=%2Fwp%2Fv2%2Ftags&post=13979"}],"curies":[{"name":"wp","href":"https:\/\/api.w.org\/{rel}","templated":true}]}}