{"id":13977,"date":"2026-03-20T11:01:08","date_gmt":"2026-03-20T11:01:08","guid":{"rendered":"https:\/\/eskigazeteci.com\/?p=13977"},"modified":"2026-03-20T11:01:08","modified_gmt":"2026-03-20T11:01:08","slug":"deniz-oncu-moto2de-brezilyada-piste-cikacak","status":"publish","type":"post","link":"https:\/\/eskigazeteci.com\/?p=13977","title":{"rendered":"Deniz \u00d6nc\u00fc, Moto2&#8217;de Brezilya&#8217;da piste \u00e7\u0131kacak"},"content":{"rendered":"<p>Milli motosiklet\u00e7i Deniz \u00d6nc\u00fc, 2026 Moto2 D\u00fcnya \u015eampiyonas\u0131&#x27;n\u0131n ikinci yar\u0131\u015f\u0131 i\u00e7in Brezilya&#x27;da piste \u00e7\u0131kacak.<\/p>\n<p>Brezilya&#x27;n\u0131n Goiania kentindeki 3,8 kilometrelik Autodromo Ayrton Senna Pisti&#x27;nde ger\u00e7ekle\u015ftirilecek yar\u0131\u015f, 26 tur \u00fczerinden d\u00fczenlenecek.<\/p>\n<p>ELF Marc VDS Racing Team ad\u0131na yar\u0131\u015fan Deniz \u00d6nc\u00fc, yar\u0131n TS\u0130 19.40&#x27;ta ba\u015flayacak birinci s\u0131ralama ve 20.05&#x27;te yap\u0131lacak ikinci s\u0131ralama seanslar\u0131nda en iyi grid pozisyonu i\u00e7in m\u00fccadele edecek.<\/p>\n<p>\u0130LK YARI\u015eI 9. SIRADA B\u0130T\u0130RM\u0130\u015eT\u0130 Yar\u0131\u015f ise 22 Mart Pazar g\u00fcn\u00fc TS\u0130 19.15&#x27;te start alacak.<\/p>\n<p>Red Bull sporcusu Deniz \u00d6nc\u00fc , sezonun ilk yar\u0131\u015f\u0131 Tayland Grand Prix&#x27;sini 9. s\u0131rada bitirmi\u015fti.<\/p>\n<p>Tayland&#x27;daki sezonun ilk yar\u0131\u015f\u0131n\u0131, Liqui Moly Dynavolt Intact tak\u0131m\u0131ndan \u0130spanyol s\u00fcr\u00fcc\u00fc Manuel Gonzalez birinci tamamlam\u0131\u015ft\u0131.<\/p>\n<p>T\u00fcrkiye&#x27;den ve D\u00fcnya\u2019dan son dakika haberleri, k\u00f6\u015fe yaz\u0131lar\u0131, magazinden siyasete, spordan seyahate b\u00fct\u00fcn konular\u0131n tek adresi Hurriyet.com.tr haber i\u00e7erikleri izin al\u0131nmadan, kaynak g\u00f6sterilerek dahi iktibas edilemez. Kanuna ayk\u0131r\u0131 ve izinsiz olarak kopyalanamaz, ba\u015fka yerde yay\u0131nlanamaz.<\/p>\n","protected":false},"excerpt":{"rendered":"<p>Deniz \u00d6nc\u00fc, Moto2&#8217;de sezonun ikinci yar\u0131\u015f\u0131 i\u00e7in Brezilya&#8217;da piste \u00e7\u0131kacak.<\/p>\n","protected":false},"author":2,"featured_media":13976,"comment_status":"open","ping_status":"open","sticky":false,"template":"","format":"standard","meta":{"footnotes":""},"categories":[8,5,7],"tags":[],"class_list":["post-13977","post","type-post","status-publish","format-standard","has-post-thumbnail","hentry","category-arsiv","category-son-dakika","category-spor"],"_links":{"self":[{"href":"https:\/\/eskigazeteci.com\/index.php?rest_route=\/wp\/v2\/posts\/13977","targetHints":{"allow":["GET"]}}],"collection":[{"href":"https:\/\/eskigazeteci.com\/index.php?rest_route=\/wp\/v2\/posts"}],"about":[{"href":"https:\/\/eskigazeteci.com\/index.php?rest_route=\/wp\/v2\/types\/post"}],"author":[{"embeddable":true,"href":"https:\/\/eskigazeteci.com\/index.php?rest_route=\/wp\/v2\/users\/2"}],"replies":[{"embeddable":true,"href":"https:\/\/eskigazeteci.com\/index.php?rest_route=%2Fwp%2Fv2%2Fcomments&post=13977"}],"version-history":[{"count":0,"href":"https:\/\/eskigazeteci.com\/index.php?rest_route=\/wp\/v2\/posts\/13977\/revisions"}],"wp:featuredmedia":[{"embeddable":true,"href":"https:\/\/eskigazeteci.com\/index.php?rest_route=\/wp\/v2\/media\/13976"}],"wp:attachment":[{"href":"https:\/\/eskigazeteci.com\/index.php?rest_route=%2Fwp%2Fv2%2Fmedia&parent=13977"}],"wp:term":[{"taxonomy":"category","embeddable":true,"href":"https:\/\/eskigazeteci.com\/index.php?rest_route=%2Fwp%2Fv2%2Fcategories&post=13977"},{"taxonomy":"post_tag","embeddable":true,"href":"https:\/\/eskigazeteci.com\/index.php?rest_route=%2Fwp%2Fv2%2Ftags&post=13977"}],"curies":[{"name":"wp","href":"https:\/\/api.w.org\/{rel}","templated":true}]}}