{"id":1387,"date":"2026-02-12T08:24:10","date_gmt":"2026-02-12T08:24:10","guid":{"rendered":"https:\/\/eskigazeteci.com\/?p=1387"},"modified":"2026-02-12T08:24:10","modified_gmt":"2026-02-12T08:24:10","slug":"fiyati-yuzde-146-ithalati-yuzde-98-artti-gumusteki-ralli-ithalati-da-katladi","status":"publish","type":"post","link":"https:\/\/eskigazeteci.com\/?p=1387","title":{"rendered":"Fiyat\u0131 y\u00fczde 146 ithalat\u0131 y\u00fczde 98 artt\u0131&#8230; G\u00fcm\u00fc\u015fteki ralli ithalat\u0131 da katlad\u0131"},"content":{"rendered":"<p>Ge\u00e7en y\u0131l T\u00fcrkiye\u2019nin k\u0131ymetli maden ithalat\u0131na bak\u0131ld\u0131\u011f\u0131nda; alt\u0131n\u0131n dengeli bir seyir izledi\u011fi; g\u00fcm\u00fc\u015fte ise belirgin bir art\u0131\u015f ya\u015fand\u0131\u011f\u0131 g\u00f6r\u00fcld\u00fc. Borsa \u0130stanbul K\u0131ymetli Madenler Piyasas\u0131 verilerine g\u00f6re 2025\u2019teki toplam alt\u0131n ithalat\u0131, 126 bin 272 kilogram olarak kaydedildi. 2024\u2019te 434 bin kilogram olan g\u00fcm\u00fc\u015f ithalat\u0131 ise ge\u00e7en y\u0131l 860 bin kilogram\u0131 a\u015ft\u0131. B\u00f6ylece bir y\u0131lda g\u00fcm\u00fc\u015f ithalat\u0131nda y\u00fczde 98\u2019i a\u015fan bir y\u00fckseli\u015f kaydedildi.<\/p>\n<p>ALTINDAN \u00c7OK KAZANDIRMI\u015eTI<\/p>\n<p>Alt\u0131n fiyatlar\u0131na k\u0131yasla g\u00fcm\u00fc\u015f\u00fcn daha eri\u015filebilir fiyatlara sahip olmas\u0131, bu anlamda \u2018alt\u0131na alternatif bir de\u011ferli metal\u2019 olarak \u00f6ne \u00e7\u0131kmas\u0131, talepte ciddi bir art\u0131\u015fa yol a\u00e7m\u0131\u015ft\u0131. Ancak g\u00fcm\u00fc\u015f\u00fcn ayn\u0131 zamanda end\u00fcstriyel bir metal olmas\u0131 nedeniyle talep yaln\u0131zca bireysel yat\u0131r\u0131mc\u0131 ile s\u0131n\u0131rl\u0131 kalmam\u0131\u015f, sanayi taraf\u0131nda da g\u00fc\u00e7l\u00fc seyretmeye devam etmi\u015fti. 2025\u2019e 28.9 dolardan ba\u015flayan g\u00fcm\u00fc\u015f\u00fcn onsu, hem talepteki sert art\u0131\u015fla hem de arz y\u00f6nl\u00fc endi\u015felerle y\u0131l\u0131 71.1 dolardan tamamlam\u0131\u015ft\u0131. Bu haliyle, ge\u00e7en y\u0131l alt\u0131ndan daha \u00e7ok kazand\u0131rmas\u0131yla dikkat \u00e7ekmi\u015fti. \u0130thalattaki rekorda, fiyatlarda ya\u015fanan bu ralli etkili oldu.<\/p>\n<p>2026\u2019n\u0131n ilk ay\u0131nda da sert y\u00fckseli\u015f ivmesini s\u00fcrd\u00fcren ons g\u00fcm\u00fc\u015f , kademeli olarak \u00f6nce 100 dolar&#8230;<\/p>\n","protected":false},"excerpt":{"rendered":"<p>GE\u00c7EN y\u0131l y\u00fczde 146 oran\u0131nda de\u011fer kazanan g\u00fcm\u00fc\u015f fiyatlar\u0131, g\u00fcm\u00fc\u015f ithalat\u0131n\u0131n da ikiye katlamas\u0131na yol a\u00e7t\u0131. Ba\u015fka bir ifadeyle, artan g\u00fcm\u00fc\u015f fiyatlar\u0131 g\u00fcm\u00fc\u015f&#8230;<\/p>\n","protected":false},"author":2,"featured_media":1386,"comment_status":"open","ping_status":"open","sticky":false,"template":"","format":"standard","meta":{"footnotes":""},"categories":[8,6,5],"tags":[],"class_list":["post-1387","post","type-post","status-publish","format-standard","has-post-thumbnail","hentry","category-arsiv","category-gundem","category-son-dakika"],"_links":{"self":[{"href":"https:\/\/eskigazeteci.com\/index.php?rest_route=\/wp\/v2\/posts\/1387","targetHints":{"allow":["GET"]}}],"collection":[{"href":"https:\/\/eskigazeteci.com\/index.php?rest_route=\/wp\/v2\/posts"}],"about":[{"href":"https:\/\/eskigazeteci.com\/index.php?rest_route=\/wp\/v2\/types\/post"}],"author":[{"embeddable":true,"href":"https:\/\/eskigazeteci.com\/index.php?rest_route=\/wp\/v2\/users\/2"}],"replies":[{"embeddable":true,"href":"https:\/\/eskigazeteci.com\/index.php?rest_route=%2Fwp%2Fv2%2Fcomments&post=1387"}],"version-history":[{"count":0,"href":"https:\/\/eskigazeteci.com\/index.php?rest_route=\/wp\/v2\/posts\/1387\/revisions"}],"wp:featuredmedia":[{"embeddable":true,"href":"https:\/\/eskigazeteci.com\/index.php?rest_route=\/wp\/v2\/media\/1386"}],"wp:attachment":[{"href":"https:\/\/eskigazeteci.com\/index.php?rest_route=%2Fwp%2Fv2%2Fmedia&parent=1387"}],"wp:term":[{"taxonomy":"category","embeddable":true,"href":"https:\/\/eskigazeteci.com\/index.php?rest_route=%2Fwp%2Fv2%2Fcategories&post=1387"},{"taxonomy":"post_tag","embeddable":true,"href":"https:\/\/eskigazeteci.com\/index.php?rest_route=%2Fwp%2Fv2%2Ftags&post=1387"}],"curies":[{"name":"wp","href":"https:\/\/api.w.org\/{rel}","templated":true}]}}