{"id":1385,"date":"2026-02-12T08:22:37","date_gmt":"2026-02-12T08:22:37","guid":{"rendered":"https:\/\/eskigazeteci.com\/?p=1385"},"modified":"2026-02-12T08:22:37","modified_gmt":"2026-02-12T08:22:37","slug":"lider-fenerbahce-beko-panathinaikos-deplasmaninda","status":"publish","type":"post","link":"https:\/\/eskigazeteci.com\/?p=1385","title":{"rendered":"Lider Fenerbah\u00e7e Beko Panathinaikos deplasman\u0131nda!"},"content":{"rendered":"<p>Telekom Center&#x27;da oynanacak m\u00fccadele, TS\u0130 22.15&#x27;te ba\u015flayacak.<\/p>\n<p>EuroLeague &#x27;in lideri Fenerbah\u00e7e Beko, geride kalan haftalarda oynad\u0131\u011f\u0131 26 kar\u015f\u0131la\u015fmada 19 galibiyet ve 7 yenilgi ya\u015fad\u0131. Ligdeki son 6 ma\u00e7\u0131ndan galibiyetle ayr\u0131lan Sarunas Jasikevicius y\u00f6netimindeki sar\u0131-lacivertliler, serisini s\u00fcrd\u00fcrmeyi hedefliyor.<\/p>\n<p>A Milli Basketbol Tak\u0131m\u0131 Ba\u015fantren\u00f6r\u00fc Ergin Ataman&#x27;\u0131n \u00e7al\u0131\u015ft\u0131rd\u0131\u011f\u0131 Panathinaikos ise 16 galibiyet ve 11 ma\u011flubiyetle 8. s\u0131rada yer al\u0131yor. Yunanistan temsilcisi, ligde oynad\u0131\u011f\u0131 son m\u00fccadelede deplasmanda S\u0131rbistan&#x27;\u0131n Partizan tak\u0131m\u0131na 78-62 ma\u011flup oldu.<\/p>\n<p>\u0130ki tak\u0131m aras\u0131nda sezonun ilk yar\u0131s\u0131nda \u0130stanbul&#x27;da oynanan ma\u00e7\u0131, Yunan ekibi 81-77 kazanm\u0131\u015ft\u0131.<\/p>\n<p>T\u00fcrkiye&#x27;den ve D\u00fcnya\u2019dan son dakika haberleri, k\u00f6\u015fe yaz\u0131lar\u0131, magazinden siyasete, spordan seyahate b\u00fct\u00fcn konular\u0131n tek adresi Hurriyet.com.tr haber i\u00e7erikleri izin al\u0131nmadan, kaynak g\u00f6sterilerek dahi iktibas edilemez. Kanuna ayk\u0131r\u0131 ve izinsiz olarak kopyalanamaz, ba\u015fka yerde yay\u0131nlanamaz.<\/p>\n","protected":false},"excerpt":{"rendered":"<p>Fenerbah\u00e7e Beko, EuroLeague&#8217;in 28. haftas\u0131nda yar\u0131n Panathinaikos ile deplasmanda kar\u015f\u0131 kar\u015f\u0131ya gelecek<\/p>\n","protected":false},"author":2,"featured_media":1384,"comment_status":"open","ping_status":"open","sticky":false,"template":"","format":"standard","meta":{"footnotes":""},"categories":[8,5,7],"tags":[],"class_list":["post-1385","post","type-post","status-publish","format-standard","has-post-thumbnail","hentry","category-arsiv","category-son-dakika","category-spor"],"_links":{"self":[{"href":"https:\/\/eskigazeteci.com\/index.php?rest_route=\/wp\/v2\/posts\/1385","targetHints":{"allow":["GET"]}}],"collection":[{"href":"https:\/\/eskigazeteci.com\/index.php?rest_route=\/wp\/v2\/posts"}],"about":[{"href":"https:\/\/eskigazeteci.com\/index.php?rest_route=\/wp\/v2\/types\/post"}],"author":[{"embeddable":true,"href":"https:\/\/eskigazeteci.com\/index.php?rest_route=\/wp\/v2\/users\/2"}],"replies":[{"embeddable":true,"href":"https:\/\/eskigazeteci.com\/index.php?rest_route=%2Fwp%2Fv2%2Fcomments&post=1385"}],"version-history":[{"count":0,"href":"https:\/\/eskigazeteci.com\/index.php?rest_route=\/wp\/v2\/posts\/1385\/revisions"}],"wp:featuredmedia":[{"embeddable":true,"href":"https:\/\/eskigazeteci.com\/index.php?rest_route=\/wp\/v2\/media\/1384"}],"wp:attachment":[{"href":"https:\/\/eskigazeteci.com\/index.php?rest_route=%2Fwp%2Fv2%2Fmedia&parent=1385"}],"wp:term":[{"taxonomy":"category","embeddable":true,"href":"https:\/\/eskigazeteci.com\/index.php?rest_route=%2Fwp%2Fv2%2Fcategories&post=1385"},{"taxonomy":"post_tag","embeddable":true,"href":"https:\/\/eskigazeteci.com\/index.php?rest_route=%2Fwp%2Fv2%2Ftags&post=1385"}],"curies":[{"name":"wp","href":"https:\/\/api.w.org\/{rel}","templated":true}]}}