{"id":1383,"date":"2026-02-12T08:21:06","date_gmt":"2026-02-12T08:21:06","guid":{"rendered":"https:\/\/eskigazeteci.com\/?p=1383"},"modified":"2026-02-12T08:21:06","modified_gmt":"2026-02-12T08:21:06","slug":"anadolu-efes","status":"publish","type":"post","link":"https:\/\/eskigazeteci.com\/?p=1383","title":{"rendered":"Anadolu Efes"},"content":{"rendered":"<p>Anadolu Efes ve Virtus Bologna, EuroLeague 28. haftada kar\u015f\u0131 kar\u015f\u0131ya geliyor. \u0130talya temsilcisi, turnuvadaki 27 kar\u015f\u0131la\u015fman\u0131n 12&#x27;sini kazand\u0131 ve ligde 13. s\u0131rada yer al\u0131yor. Temsilcimiz ise Geride kalan 27 haftada 8 galibiyet ve 19 ma\u011flubiyet ya\u015fayan lacivert-beyazl\u0131 ekip, 19. s\u0131rada bulunuyor. \u0130ki tak\u0131m aras\u0131nda, Avrupa Ligi&#x27;nin 10. haftas\u0131nda oynanan kar\u015f\u0131la\u015fmay\u0131, \u0130talya ekibi 99-89 kazanm\u0131\u015ft\u0131. \u0130\u015fte Anadolu Efes &#8211; Virtus Bologna ma\u00e7\u0131 canl\u0131 yay\u0131n bilgisi&#8230;<\/p>\n<p>ANADOLU EFES &#8211; VIRTUS BOLOGNA MA\u00c7I NE ZAMAN, SAAT KA\u00c7TA, HANG\u0130 KANALDA?<\/p>\n<p>Anadolu Efes, EuroLeague 28. hafta ma\u00e7\u0131nda bu ak\u015fam (12 \u015eubat) Virtus Bologna ile kar\u015f\u0131 kar\u015f\u0131ya geliyor.<\/p>\n<p>Turkcell Basketbol Geli\u015fim Merkezi&#x27;nde oynanacak kar\u015f\u0131la\u015fma saat 20.30&#x27;da ba\u015flayacak ve S Sport ekranlar\u0131ndan canl\u0131 olarak takip edilebilecek.<\/p>\n<p>\u0130K\u0130 EK\u0130P 11. DEFA KAR\u015eI KAR\u015eIYA<\/p>\n<p>Anadolu Efes , Virtus Bologna ile Basketbol Avrupa Ligi&#x27;nde 11. kez kar\u015f\u0131 kar\u015f\u0131ya gelecek.<\/p>\n<p>\u015eubat 2002&#x27;den sonra iki tak\u0131m aras\u0131nda oynanan 10 ma\u00e7ta taraflar, 5&#x27;er galibiyet elde etti.<\/p>\n<p>T\u00fcrkiye&#x27;den ve D\u00fcnya\u2019dan son dakika haberleri, k\u00f6\u015fe yaz\u0131lar\u0131, magazinden siyasete, spordan seyahate b\u00fct\u00fcn konular\u0131n tek adresi Hurriyet.com.tr haber i\u00e7erikleri izin al\u0131nmadan, kaynak&#8230;<\/p>\n","protected":false},"excerpt":{"rendered":"<p>Anadolu Efes, EuroLeague 28. hafta ma\u00e7\u0131nda Virtus Bologna ekibini a\u011f\u0131rlayacak. Lacivert beyazl\u0131lar, son iki ma\u00e7ta Valencia Basket ve Zalgiris&#8217;i ma\u011flup etti&#8230;.<\/p>\n","protected":false},"author":2,"featured_media":1382,"comment_status":"open","ping_status":"open","sticky":false,"template":"","format":"standard","meta":{"footnotes":""},"categories":[8,5,7],"tags":[],"class_list":["post-1383","post","type-post","status-publish","format-standard","has-post-thumbnail","hentry","category-arsiv","category-son-dakika","category-spor"],"_links":{"self":[{"href":"https:\/\/eskigazeteci.com\/index.php?rest_route=\/wp\/v2\/posts\/1383","targetHints":{"allow":["GET"]}}],"collection":[{"href":"https:\/\/eskigazeteci.com\/index.php?rest_route=\/wp\/v2\/posts"}],"about":[{"href":"https:\/\/eskigazeteci.com\/index.php?rest_route=\/wp\/v2\/types\/post"}],"author":[{"embeddable":true,"href":"https:\/\/eskigazeteci.com\/index.php?rest_route=\/wp\/v2\/users\/2"}],"replies":[{"embeddable":true,"href":"https:\/\/eskigazeteci.com\/index.php?rest_route=%2Fwp%2Fv2%2Fcomments&post=1383"}],"version-history":[{"count":0,"href":"https:\/\/eskigazeteci.com\/index.php?rest_route=\/wp\/v2\/posts\/1383\/revisions"}],"wp:featuredmedia":[{"embeddable":true,"href":"https:\/\/eskigazeteci.com\/index.php?rest_route=\/wp\/v2\/media\/1382"}],"wp:attachment":[{"href":"https:\/\/eskigazeteci.com\/index.php?rest_route=%2Fwp%2Fv2%2Fmedia&parent=1383"}],"wp:term":[{"taxonomy":"category","embeddable":true,"href":"https:\/\/eskigazeteci.com\/index.php?rest_route=%2Fwp%2Fv2%2Fcategories&post=1383"},{"taxonomy":"post_tag","embeddable":true,"href":"https:\/\/eskigazeteci.com\/index.php?rest_route=%2Fwp%2Fv2%2Ftags&post=1383"}],"curies":[{"name":"wp","href":"https:\/\/api.w.org\/{rel}","templated":true}]}}