{"id":1381,"date":"2026-02-12T08:19:34","date_gmt":"2026-02-12T08:19:34","guid":{"rendered":"https:\/\/eskigazeteci.com\/?p=1381"},"modified":"2026-02-12T08:19:34","modified_gmt":"2026-02-12T08:19:34","slug":"uefa-uluslar-ligi-kura-cekimi-ne-zaman-saat-kacta-2026-uefa-uluslar-ligi-turkiyenin-muhtemel-rakipleri","status":"publish","type":"post","link":"https:\/\/eskigazeteci.com\/?p=1381","title":{"rendered":"UEFA Uluslar Ligi kura \u00e7ekimi ne zaman, saat ka\u00e7ta? 2026 UEFA Uluslar Ligi T\u00fcrkiye&#8217;nin muhtemel rakipleri"},"content":{"rendered":"<p>UEFA Uluslar Ligi \u2019nde 2026-27 sezonu kura \u00e7ekimi bug\u00fcn Bel\u00e7ika\u2019n\u0131n ba\u015fkenti Br\u00fcksel\u2019de TS\u0130 20.00\u2019de ger\u00e7ekle\u015ftirilecek. Kura \u00e7ekimine T\u00fcrkiye 4. torbadan kat\u0131lacak. UEFA\u2019ya \u00fcye 54 federasyon tak\u0131m\u0131n\u0131n 4 ligde m\u00fccadele edece\u011fi turnuvada A Ligi\u2019nde yer alacak T\u00fcrkiye kuraya 4. torbadan kat\u0131lacak. Peki, UEFA Uluslar Ligi kura \u00e7ekimi ne zaman, saat ka\u00e7ta? 2026 T\u00fcrkiye Uluslar Ligi muhtemel rakipleri<\/p>\n<p>ULUSLAR L\u0130G\u0130 KURA \u00c7EK\u0130M\u0130 NE ZAMAN, SAAT KA\u00c7TA?<\/p>\n<p>Bel\u00e7ika\u2019n\u0131n ba\u015fkenti Br\u00fcksel\u2019de 12 \u015eubat Per\u015fembe TS\u0130 20.00\u2019de ger\u00e7ekle\u015ftirilecek olan Uluslar Ligi kura \u00e7ekimi uefa.tv \u00fczerinden takip edilebilecek.<\/p>\n<p>A Ligi\u2019nde gruplar\u0131n\u0131 ilk iki s\u0131rada tamamlayan 8 tak\u0131m, 25-30 Mart 2027\u2019de iki ayakl\u0131 \u00e7eyrek finallerde m\u00fccadele edecek ve bu e\u015fle\u015fmelerin galipleri Haziran 2027\u2019deki final turnuvas\u0131na kat\u0131lacak. A Ligi\u2019nin 3. s\u0131radaki tak\u0131mlar\u0131 ve B Ligi\u2019nin 2.\u2019leri ile play-off oynayacak. 4. s\u0131ray\u0131 alanlar ise direkt B Ligi\u2019ne d\u00fc\u015fecek. Turnuvada 1 ve 2. ma\u00e7lar 24-29 Eyl\u00fcl 2026\u2019da oynanacak.<\/p>\n<p>T\u00dcRK\u0130YE ULUSLAR L\u0130G\u0130 MUHTEMEL RAK\u0130PLER\u0130<\/p>\n<p>T\u00fcrkiye&#x27;nin de bulundu\u011fu A Ligi&#x27;nde torbalar \u015fu \u015fekilde:<\/p>\n<p>1. torba: Portekiz, \u0130spanya, Fransa, Almanya<\/p>\n<p>2. torba : \u0130talya, Hollanda, Danimarka, H\u0131rvatistan<\/p>\n<p>3. torba: S\u0131rbistan,&#8230;<\/p>\n","protected":false},"excerpt":{"rendered":"<p>T\u00fcrkiye Uluslar Ligi rakipleri bug\u00fcn belli oluyor. Lig a\u015famas\u0131n\u0131n kura \u00e7ekimi, Bel\u00e7ika&#8217;n\u0131n ba\u015fkenti Br\u00fcksel&#8217;de ger\u00e7ekle\u015ftirilecek. T\u00fcrkiye, UEFA&#8217;ya \u00fcye 54&#8230;<\/p>\n","protected":false},"author":2,"featured_media":1380,"comment_status":"open","ping_status":"open","sticky":false,"template":"","format":"standard","meta":{"footnotes":""},"categories":[8,5,7],"tags":[],"class_list":["post-1381","post","type-post","status-publish","format-standard","has-post-thumbnail","hentry","category-arsiv","category-son-dakika","category-spor"],"_links":{"self":[{"href":"https:\/\/eskigazeteci.com\/index.php?rest_route=\/wp\/v2\/posts\/1381","targetHints":{"allow":["GET"]}}],"collection":[{"href":"https:\/\/eskigazeteci.com\/index.php?rest_route=\/wp\/v2\/posts"}],"about":[{"href":"https:\/\/eskigazeteci.com\/index.php?rest_route=\/wp\/v2\/types\/post"}],"author":[{"embeddable":true,"href":"https:\/\/eskigazeteci.com\/index.php?rest_route=\/wp\/v2\/users\/2"}],"replies":[{"embeddable":true,"href":"https:\/\/eskigazeteci.com\/index.php?rest_route=%2Fwp%2Fv2%2Fcomments&post=1381"}],"version-history":[{"count":0,"href":"https:\/\/eskigazeteci.com\/index.php?rest_route=\/wp\/v2\/posts\/1381\/revisions"}],"wp:featuredmedia":[{"embeddable":true,"href":"https:\/\/eskigazeteci.com\/index.php?rest_route=\/wp\/v2\/media\/1380"}],"wp:attachment":[{"href":"https:\/\/eskigazeteci.com\/index.php?rest_route=%2Fwp%2Fv2%2Fmedia&parent=1381"}],"wp:term":[{"taxonomy":"category","embeddable":true,"href":"https:\/\/eskigazeteci.com\/index.php?rest_route=%2Fwp%2Fv2%2Fcategories&post=1381"},{"taxonomy":"post_tag","embeddable":true,"href":"https:\/\/eskigazeteci.com\/index.php?rest_route=%2Fwp%2Fv2%2Ftags&post=1381"}],"curies":[{"name":"wp","href":"https:\/\/api.w.org\/{rel}","templated":true}]}}