{"id":138,"date":"2026-02-09T09:33:31","date_gmt":"2026-02-09T09:33:31","guid":{"rendered":"https:\/\/eskigazeteci.com\/?p=138"},"modified":"2026-02-09T09:33:31","modified_gmt":"2026-02-09T09:33:31","slug":"haber-44","status":"publish","type":"post","link":"https:\/\/eskigazeteci.com\/?p=138","title":{"rendered":"Haber"},"content":{"rendered":"<p>Olay, \u00f6nceki g\u00fcn Seydikemer&#x27;in Yayla Ceylan Mahallesi&#x27;nde meydana geldi. Evlerindeki tutu\u015fturmaya \u00e7al\u0131\u015ft\u0131\u011f\u0131 k\u00f6m\u00fcr sobas\u0131n\u0131n parlamas\u0131 sonucu Ceylin \u00d6zt\u00fcrk, y\u00fcz\u00fcnden yaraland\u0131. \u00d6zt\u00fcrk, yak\u0131nlar\u0131n\u0131n ihbar\u0131yla Fethiye Devlet Hastanesi&#x27;ne kald\u0131r\u0131ld\u0131.<\/p>\n<p>Buradaki ilk m\u00fcdahalenin ard\u0131ndan durumu a\u011f\u0131r olan \u00d6zt\u00fcrk, Antalya \u015eehir Hastanesi&#x27;ne sevk edildi. Burada tedaviye al\u0131nan \u00d6zt\u00fcrk, d\u00fcn hayat\u0131n\u0131 kaybetti.<\/p>\n<p>Ceylin \u00d6zt\u00fcrk &#x27;\u00fcn cenazesinin, bug\u00fcn Yayla Ceylan Mahallesi&#x27;nde topra\u011fa verilece\u011fi bildirildi.<\/p>\n<p>T\u00fcrkiye g\u00fcndeminden son dakika haberleri, bug\u00fcn ya\u015fanan en son geli\u015fmeler, siyaset g\u00fcndeminden g\u00fcncel haberler ve b\u00fct\u00fcn son dakika haberleri i\u00e7in H\u00fcrriyet&#x27;in internet haber sitesi hurriyet.com.tr; Hurriyet.com.tr haber i\u00e7erikleri kaynak g\u00f6sterilmeden al\u0131nt\u0131 yap\u0131lamaz, Kanuna ayk\u0131r\u0131 ve izinsiz olarak kopyalanamaz, ba\u015fka yerde yay\u0131nlanamaz.<\/p>\n","protected":false},"excerpt":{"rendered":"<p>Mu\u011fla&#8217;n\u0131n Seydikemer il\u00e7esinde tutu\u015fturmaya \u00e7al\u0131\u015ft\u0131\u011f\u0131 k\u00f6m\u00fcr sobas\u0131n\u0131n parlamas\u0131 sonucu y\u00fcz\u00fcnden a\u011f\u0131r yaralanan 11 ya\u015f\u0131ndaki Ceylin \u00d6zt\u00fcrk, kald\u0131r\u0131ld\u0131\u011f\u0131&#8230;<\/p>\n","protected":false},"author":2,"featured_media":137,"comment_status":"open","ping_status":"open","sticky":false,"template":"","format":"standard","meta":{"footnotes":""},"categories":[8,4],"tags":[],"class_list":["post-138","post","type-post","status-publish","format-standard","has-post-thumbnail","hentry","category-arsiv","category-ege"],"_links":{"self":[{"href":"https:\/\/eskigazeteci.com\/index.php?rest_route=\/wp\/v2\/posts\/138","targetHints":{"allow":["GET"]}}],"collection":[{"href":"https:\/\/eskigazeteci.com\/index.php?rest_route=\/wp\/v2\/posts"}],"about":[{"href":"https:\/\/eskigazeteci.com\/index.php?rest_route=\/wp\/v2\/types\/post"}],"author":[{"embeddable":true,"href":"https:\/\/eskigazeteci.com\/index.php?rest_route=\/wp\/v2\/users\/2"}],"replies":[{"embeddable":true,"href":"https:\/\/eskigazeteci.com\/index.php?rest_route=%2Fwp%2Fv2%2Fcomments&post=138"}],"version-history":[{"count":0,"href":"https:\/\/eskigazeteci.com\/index.php?rest_route=\/wp\/v2\/posts\/138\/revisions"}],"wp:featuredmedia":[{"embeddable":true,"href":"https:\/\/eskigazeteci.com\/index.php?rest_route=\/wp\/v2\/media\/137"}],"wp:attachment":[{"href":"https:\/\/eskigazeteci.com\/index.php?rest_route=%2Fwp%2Fv2%2Fmedia&parent=138"}],"wp:term":[{"taxonomy":"category","embeddable":true,"href":"https:\/\/eskigazeteci.com\/index.php?rest_route=%2Fwp%2Fv2%2Fcategories&post=138"},{"taxonomy":"post_tag","embeddable":true,"href":"https:\/\/eskigazeteci.com\/index.php?rest_route=%2Fwp%2Fv2%2Ftags&post=138"}],"curies":[{"name":"wp","href":"https:\/\/api.w.org\/{rel}","templated":true}]}}