{"id":1379,"date":"2026-02-12T08:18:01","date_gmt":"2026-02-12T08:18:01","guid":{"rendered":"https:\/\/eskigazeteci.com\/?p=1379"},"modified":"2026-02-12T08:18:01","modified_gmt":"2026-02-12T08:18:01","slug":"okan-buruktan-super-lig-ve-sampiyonlar-ligindeki-zorlu-maclar-oncesi-oyunculara-mesaj-bize-yakisani-yapacagiz","status":"publish","type":"post","link":"https:\/\/eskigazeteci.com\/?p=1379","title":{"rendered":"Okan Buruk&#8217;tan S\u00fcper Lig ve \u015eampiyonlar Ligi&#8217;ndeki zorlu ma\u00e7lar \u00f6ncesi oyunculara mesaj: &#8216;Bize yak\u0131\u015fan\u0131 yapaca\u011f\u0131z!&#8217;"},"content":{"rendered":"<p>Galatasaray teknik direkt\u00f6r\u00fc Okan Buruk, sar\u0131-k\u0131rm\u0131z\u0131l\u0131 tak\u0131m\u0131n Uruguayl\u0131 \u00f6n liberosu Lucas Torreira\u2019n\u0131n 30. ya\u015f g\u00fcn\u00fc partisine kat\u0131ld\u0131.<\/p>\n<p>Burada futbolcular\u0131yla birlik olan tecr\u00fcbeli teknik adam, &quot;Lucas hem saha i\u00e7inde hem de saha d\u0131\u015f\u0131nda ger\u00e7ekten tak\u0131m i\u00e7in \u00e7ok \u00f6nemli, de\u011ferli. Galatasaray i\u00e7in \u00e7ok \u00f6nemli. Geldi\u011finden bu yana \u00e7ok \u00f6nemli hizmet ediyor. \u015eampiyonluklarda b\u00fcy\u00fck pay\u0131 var. Galatasaray\u2019\u0131n son y\u0131llarda kazand\u0131\u011f\u0131 ba\u015far\u0131larda \u00e7ok b\u00fcy\u00fck pay\u0131 var. Sadece oyunculu\u011fu de\u011fil, insanl\u0131k olarak da tak\u0131m i\u00e7erisinde \u00e7ok seviliyor. Bizim taraf\u0131m\u0131zdan \u00e7ok seviliyor. O y\u00fczden burada yan\u0131nda olmak istedik. Nice mutlu y\u0131llar dileyelim.&quot; dedi.<\/p>\n<p>&#x27;B\u0130ZE YAKI\u015eANI YAPACA\u011eIZ!&#x27;<\/p>\n<p>Kendilerini bekleyen zorlu fikst\u00fcr\u00fc de de\u011ferlendiren Okan Buruk , \u015eampiyonlar Ligi \u2019ndeki Juventus ma\u00e7\u0131n\u0131n hat\u0131rlat\u0131lmas\u0131n\u0131n ard\u0131ndan, &quot;\u00d6nce Ey\u00fcpspor ma\u00e7\u0131, sonra Juventus ma\u00e7\u0131m\u0131z var. Galatasaray taraftar\u0131n\u0131n bizden beklentisi \u00e7ok y\u00fcksek, in\u015fallah buna lay\u0131k olmaya \u00e7al\u0131\u015faca\u011f\u0131z. Sahada bize yak\u0131\u015fan\u0131 yapaca\u011f\u0131z. Oyuncular\u0131ma g\u00fcveniyorum, taraftar\u0131m\u0131z\u0131n deste\u011fi de bizim i\u00e7in \u00e7ok \u00f6nemli. \u0130tici g\u00fcc\u00fcm\u00fcz trib\u00fcnler olacak.&quot; ifadelerini kulland\u0131.<\/p>\n<p>5 G\u00dcNDE 2 MA\u00c7<\/p>\n<p>Aslan ligde cuma g\u00fcn\u00fc Ey\u00fcpspor\u2019u, Devler Ligi\u2019nde de sal\u0131 g\u00fcn\u00fc&#8230;<\/p>\n","protected":false},"excerpt":{"rendered":"<p>Be\u015f g\u00fcn i\u00e7inde \u00f6nce S\u00fcper Lig&#8217;de Ey\u00fcpspor&#8217;u, ard\u0131ndan \u015eampiyonlar Ligi play-off turunda Juventus&#8217;u konuk edecek Galatasaray&#8217;da teknik direkt\u00f6r Okan Buruk,&#8230;<\/p>\n","protected":false},"author":2,"featured_media":1378,"comment_status":"open","ping_status":"open","sticky":false,"template":"","format":"standard","meta":{"footnotes":""},"categories":[8,5,7],"tags":[],"class_list":["post-1379","post","type-post","status-publish","format-standard","has-post-thumbnail","hentry","category-arsiv","category-son-dakika","category-spor"],"_links":{"self":[{"href":"https:\/\/eskigazeteci.com\/index.php?rest_route=\/wp\/v2\/posts\/1379","targetHints":{"allow":["GET"]}}],"collection":[{"href":"https:\/\/eskigazeteci.com\/index.php?rest_route=\/wp\/v2\/posts"}],"about":[{"href":"https:\/\/eskigazeteci.com\/index.php?rest_route=\/wp\/v2\/types\/post"}],"author":[{"embeddable":true,"href":"https:\/\/eskigazeteci.com\/index.php?rest_route=\/wp\/v2\/users\/2"}],"replies":[{"embeddable":true,"href":"https:\/\/eskigazeteci.com\/index.php?rest_route=%2Fwp%2Fv2%2Fcomments&post=1379"}],"version-history":[{"count":0,"href":"https:\/\/eskigazeteci.com\/index.php?rest_route=\/wp\/v2\/posts\/1379\/revisions"}],"wp:featuredmedia":[{"embeddable":true,"href":"https:\/\/eskigazeteci.com\/index.php?rest_route=\/wp\/v2\/media\/1378"}],"wp:attachment":[{"href":"https:\/\/eskigazeteci.com\/index.php?rest_route=%2Fwp%2Fv2%2Fmedia&parent=1379"}],"wp:term":[{"taxonomy":"category","embeddable":true,"href":"https:\/\/eskigazeteci.com\/index.php?rest_route=%2Fwp%2Fv2%2Fcategories&post=1379"},{"taxonomy":"post_tag","embeddable":true,"href":"https:\/\/eskigazeteci.com\/index.php?rest_route=%2Fwp%2Fv2%2Ftags&post=1379"}],"curies":[{"name":"wp","href":"https:\/\/api.w.org\/{rel}","templated":true}]}}