{"id":1375,"date":"2026-02-12T08:14:58","date_gmt":"2026-02-12T08:14:58","guid":{"rendered":"https:\/\/eskigazeteci.com\/?p=1375"},"modified":"2026-02-12T08:14:58","modified_gmt":"2026-02-12T08:14:58","slug":"atletico-madrid-barcelona-maci-ne-zaman-saat-kacta-hangi-kanalda-kral-kupasinda-yari-final-heyecani","status":"publish","type":"post","link":"https:\/\/eskigazeteci.com\/?p=1375","title":{"rendered":"Atletico Madrid Barcelona ma\u00e7\u0131 ne zaman saat ka\u00e7ta hangi kanalda? Kral Kupas\u0131nda Yar\u0131 Final heyecan\u0131!"},"content":{"rendered":"<p>Atletico Madrid Barcelona ma\u00e7\u0131, \u0130spanya Kral Kupas\u0131nda bir finalisti daha belirleyecek. Barcelona kar\u015f\u0131s\u0131nda en son 2024 y\u0131l\u0131nda galibiyet elde eden Atletico Madrid, Barcelona ile Yar\u0131 Finalde kar\u015f\u0131la\u015ft\u0131\u011f\u0131 son Kral Kupas\u0131 m\u00fccadelesini ise kaybetti. Peki, Atletico Madrid Barcelona ma\u00e7\u0131 ne zaman saat ka\u00e7ta hangi kanalda? \u0130\u015fte, Kral Kupas\u0131nda Yar\u0131 Final detaylar\u0131<\/p>\n<p>ATLET\u0130CO MADR\u0130D BARCELONA MA\u00c7I NE ZAMAN SAAT KA\u00c7TA HANG\u0130 KANALDA?<\/p>\n<p>\u0130spanya Kral Kupas\u0131 Yar\u0131 Final m\u00fccadelesinde Atletico Madrid , Barcelona &#x27;y\u0131 konuk edecek. 12 \u015eubat Per\u015fembe g\u00fcn\u00fc saat 23.00&#x27;da oynanacak m\u00fccadele, S Sport Plus ekranlar\u0131ndan canl\u0131 izlenebilecek.<\/p>\n<p>T\u00fcrkiye&#x27;den ve D\u00fcnya\u2019dan son dakika haberleri, k\u00f6\u015fe yaz\u0131lar\u0131, magazinden siyasete, spordan seyahate b\u00fct\u00fcn konular\u0131n tek adresi Hurriyet.com.tr haber i\u00e7erikleri izin al\u0131nmadan, kaynak g\u00f6sterilerek dahi iktibas edilemez. Kanuna ayk\u0131r\u0131 ve izinsiz olarak kopyalanamaz, ba\u015fka yerde yay\u0131nlanamaz.<\/p>\n","protected":false},"excerpt":{"rendered":"<p>Atletico Madrid Barcelona ma\u00e7\u0131 ile \u0130spanya Kral Kupas\u0131 Yar\u0131 Final heyecan\u0131 futbolseverlerle bulu\u015facak. Barcelona kar\u015f\u0131s\u0131nda \u00e7\u0131kt\u0131\u011f\u0131 son 10 ma\u00e7ta sadece 1&#8230;<\/p>\n","protected":false},"author":2,"featured_media":1374,"comment_status":"open","ping_status":"open","sticky":false,"template":"","format":"standard","meta":{"footnotes":""},"categories":[8,5,7],"tags":[],"class_list":["post-1375","post","type-post","status-publish","format-standard","has-post-thumbnail","hentry","category-arsiv","category-son-dakika","category-spor"],"_links":{"self":[{"href":"https:\/\/eskigazeteci.com\/index.php?rest_route=\/wp\/v2\/posts\/1375","targetHints":{"allow":["GET"]}}],"collection":[{"href":"https:\/\/eskigazeteci.com\/index.php?rest_route=\/wp\/v2\/posts"}],"about":[{"href":"https:\/\/eskigazeteci.com\/index.php?rest_route=\/wp\/v2\/types\/post"}],"author":[{"embeddable":true,"href":"https:\/\/eskigazeteci.com\/index.php?rest_route=\/wp\/v2\/users\/2"}],"replies":[{"embeddable":true,"href":"https:\/\/eskigazeteci.com\/index.php?rest_route=%2Fwp%2Fv2%2Fcomments&post=1375"}],"version-history":[{"count":0,"href":"https:\/\/eskigazeteci.com\/index.php?rest_route=\/wp\/v2\/posts\/1375\/revisions"}],"wp:featuredmedia":[{"embeddable":true,"href":"https:\/\/eskigazeteci.com\/index.php?rest_route=\/wp\/v2\/media\/1374"}],"wp:attachment":[{"href":"https:\/\/eskigazeteci.com\/index.php?rest_route=%2Fwp%2Fv2%2Fmedia&parent=1375"}],"wp:term":[{"taxonomy":"category","embeddable":true,"href":"https:\/\/eskigazeteci.com\/index.php?rest_route=%2Fwp%2Fv2%2Fcategories&post=1375"},{"taxonomy":"post_tag","embeddable":true,"href":"https:\/\/eskigazeteci.com\/index.php?rest_route=%2Fwp%2Fv2%2Ftags&post=1375"}],"curies":[{"name":"wp","href":"https:\/\/api.w.org\/{rel}","templated":true}]}}