{"id":1373,"date":"2026-02-12T08:13:26","date_gmt":"2026-02-12T08:13:26","guid":{"rendered":"https:\/\/eskigazeteci.com\/?p=1373"},"modified":"2026-02-12T08:13:26","modified_gmt":"2026-02-12T08:13:26","slug":"yillarini-meslegine-adamisti-genc-yasinda-parasizlik-icinde-son-nefesini-verdi-unlu-oyuncunun-dostlarindan-aglatan-destek","status":"publish","type":"post","link":"https:\/\/eskigazeteci.com\/?p=1373","title":{"rendered":"Y\u0131llar\u0131n\u0131 mesle\u011fine adam\u0131\u015ft\u0131&#8230; Gen\u00e7 ya\u015f\u0131nda paras\u0131zl\u0131k i\u00e7inde son nefesini verdi: \u00dcnl\u00fc oyuncunun dostlar\u0131ndan a\u011flatan destek"},"content":{"rendered":"<p>Daha 48 ya\u015f\u0131nda olan Van Der Beek, geride bak\u0131ma ve ailenin kol kanat germesine ihtiya\u00e7 duyan alt\u0131 \u00e7ocuk ile ac\u0131s\u0131 hi\u00e7 dinmeyecek olan bir e\u015f b\u0131rakt\u0131.<\/p>\n<p>Onun gen\u00e7 ya\u015fta \u00f6l\u00fcm\u00fc zaten yeteri kadar trajik. Ama durumu daha ac\u0131 hale getiren ba\u015fka bir ayr\u0131nt\u0131 daha var.<\/p>\n<p>HASTALI\u011eIN HEM DUYGUSAL HEM MADD\u0130 Y\u00dcK\u00dcN\u00dc OMUZLADILAR Hayat\u0131n\u0131n son y\u0131llar\u0131n\u0131 hastal\u0131\u011f\u0131yla m\u00fccadele ederek ge\u00e7iren James Van Der Beek, ayakta kalabilmek i\u00e7in elinden gelenin fazlas\u0131n\u0131 yapt\u0131. T\u00fcm ailesiyle birlikte hastal\u0131\u011f\u0131n duygusal y\u00fck\u00fcyle oldu\u011fu kadar maddi y\u00fck\u00fcyle de bo\u011fu\u015ftu.<\/p>\n<p>Ama sonu\u00e7ta tedavi masraflar\u0131n\u0131 kar\u015f\u0131lamak i\u00e7in oynad\u0131\u011f\u0131 dizilerden kalan baz\u0131 hat\u0131ra e\u015fyalar\u0131n\u0131 da sat\u0131\u015fa \u00e7\u0131karmak zorunda kald\u0131.<\/p>\n<p>\u015eimdi onun \u00f6l\u00fcm\u00fcnden sonra arkada\u015flar\u0131ndan da g\u00f6zleri ya\u015fartan bir destek geldi.<\/p>\n<p>Her ne kadar James Van Der Beek&#x27;in 3 milyon dolarl\u0131k bir serveti oldu\u011fu bilinse de tedavi masraflar\u0131, ailenin ge\u00e7imi, \u00e7ocuklar\u0131n bak\u0131m\u0131 derken bu d\u00fcnyadaki son zamanlar\u0131n\u0131 \u00e7ok da rahat ge\u00e7irmedi oyuncu.<\/p>\n<p>ARKADA\u015eLARI YARDIM KAMPANYASI BA\u015eLATTI Zaten birka\u00e7 ayd\u0131r da onun maddi a\u00e7\u0131dan nas\u0131l zorland\u0131\u011f\u0131 konu\u015fuluyordu.<\/p>\n<p>Van Der Beek&#x27;in arkada\u015flar\u0131 da oyuncunun geride kalan alt\u0131 \u00e7ocu\u011funa ve e\u015fine destek olmak i\u00e7in internet \u00fczerinden bir yard\u0131m&#8230;<\/p>\n","protected":false},"excerpt":{"rendered":"<p>Televizyon d\u00fcnyas\u0131 daha d\u00fcn y\u00fcrek burkan bir \u00f6l\u00fcm haberiyle sars\u0131ld\u0131&#8230; Gen\u00e7lik y\u0131llar\u0131nda rol ald\u0131\u011f\u0131 Dawson&#8217;s Creek ve Varsity Blues gibi yap\u0131mlarla tan\u0131nan&#8230;<\/p>\n","protected":false},"author":2,"featured_media":1372,"comment_status":"open","ping_status":"open","sticky":false,"template":"","format":"standard","meta":{"footnotes":""},"categories":[8,6,5],"tags":[],"class_list":["post-1373","post","type-post","status-publish","format-standard","has-post-thumbnail","hentry","category-arsiv","category-gundem","category-son-dakika"],"_links":{"self":[{"href":"https:\/\/eskigazeteci.com\/index.php?rest_route=\/wp\/v2\/posts\/1373","targetHints":{"allow":["GET"]}}],"collection":[{"href":"https:\/\/eskigazeteci.com\/index.php?rest_route=\/wp\/v2\/posts"}],"about":[{"href":"https:\/\/eskigazeteci.com\/index.php?rest_route=\/wp\/v2\/types\/post"}],"author":[{"embeddable":true,"href":"https:\/\/eskigazeteci.com\/index.php?rest_route=\/wp\/v2\/users\/2"}],"replies":[{"embeddable":true,"href":"https:\/\/eskigazeteci.com\/index.php?rest_route=%2Fwp%2Fv2%2Fcomments&post=1373"}],"version-history":[{"count":0,"href":"https:\/\/eskigazeteci.com\/index.php?rest_route=\/wp\/v2\/posts\/1373\/revisions"}],"wp:featuredmedia":[{"embeddable":true,"href":"https:\/\/eskigazeteci.com\/index.php?rest_route=\/wp\/v2\/media\/1372"}],"wp:attachment":[{"href":"https:\/\/eskigazeteci.com\/index.php?rest_route=%2Fwp%2Fv2%2Fmedia&parent=1373"}],"wp:term":[{"taxonomy":"category","embeddable":true,"href":"https:\/\/eskigazeteci.com\/index.php?rest_route=%2Fwp%2Fv2%2Fcategories&post=1373"},{"taxonomy":"post_tag","embeddable":true,"href":"https:\/\/eskigazeteci.com\/index.php?rest_route=%2Fwp%2Fv2%2Ftags&post=1373"}],"curies":[{"name":"wp","href":"https:\/\/api.w.org\/{rel}","templated":true}]}}