{"id":1369,"date":"2026-02-12T08:10:22","date_gmt":"2026-02-12T08:10:22","guid":{"rendered":"https:\/\/eskigazeteci.com\/?p=1369"},"modified":"2026-02-12T08:10:22","modified_gmt":"2026-02-12T08:10:22","slug":"kamil-yazici-son-yolculuguna-ugurlandi","status":"publish","type":"post","link":"https:\/\/eskigazeteci.com\/?p=1369","title":{"rendered":"Kamil Yaz\u0131c\u0131 son yolculu\u011funa u\u011furland\u0131"},"content":{"rendered":"<p>Yaz\u0131c\u0131\u2019n\u0131n cenazesi d\u00fcn Ata\u015fehir Mimar Sinan Camisi\u2019nde k\u0131l\u0131nan cenaze namaz\u0131n\u0131n ard\u0131ndan Maltepe Y\u00fczevler Mahallesi\u2019ndeki aile kabristan\u0131na defnedildi.<\/p>\n<p>Cenaze t\u00f6renine Anadolu Grubu Y\u00f6netim Kurulu Ba\u015fkan\u0131 Tuncay \u00d6zilhan, \u0130zzet \u00d6zilhan, H\u00fcsn\u00fc \u00d6zye\u011fin, Ali Sabanc\u0131 gibi i\u015f d\u00fcnyas\u0131n\u0131n \u00f6nemli isimleri kat\u0131ld\u0131.<\/p>\n<p>Kamil Yaz\u0131c\u0131 \u2019n\u0131n o\u011flu Osman Turgut Yaz\u0131c\u0131 ile Anadolu Holding Y\u00f6netim Kurulu Ba\u015fkan\u0131 torunu Kamil Yaz\u0131c\u0131, taziyeleri kabul etti. Kamil Yaz\u0131c\u0131, \u0130zzet \u00d6zilhan ile Anadolu Grubu \u2019nun temellerini olu\u015fturan ticaret \u015firketlerini 1950\u2019de kurdu.<\/p>\n<p>T\u00fcrkiye&#x27;den ve D\u00fcnya\u2019dan son dakika haberleri, k\u00f6\u015fe yaz\u0131lar\u0131, magazinden siyasete, spordan seyahate b\u00fct\u00fcn konular\u0131n tek adresi Hurriyet.com.tr haber i\u00e7erikleri izin al\u0131nmadan, kaynak g\u00f6sterilerek dahi iktibas edilemez. Kanuna ayk\u0131r\u0131 ve izinsiz olarak kopyalanamaz, ba\u015fka yerde yay\u0131nlanamaz.<\/p>\n","protected":false},"excerpt":{"rendered":"<p>ANADOLU Grubu\u2019nun kurucular\u0131ndan i\u015finsan\u0131 Kamil Yaz\u0131c\u0131 \u00f6nceki g\u00fcn 96 ya\u015f\u0131nda hayata g\u00f6zlerini yumdu.<\/p>\n","protected":false},"author":2,"featured_media":1368,"comment_status":"open","ping_status":"open","sticky":false,"template":"","format":"standard","meta":{"footnotes":""},"categories":[8,6,5],"tags":[],"class_list":["post-1369","post","type-post","status-publish","format-standard","has-post-thumbnail","hentry","category-arsiv","category-gundem","category-son-dakika"],"_links":{"self":[{"href":"https:\/\/eskigazeteci.com\/index.php?rest_route=\/wp\/v2\/posts\/1369","targetHints":{"allow":["GET"]}}],"collection":[{"href":"https:\/\/eskigazeteci.com\/index.php?rest_route=\/wp\/v2\/posts"}],"about":[{"href":"https:\/\/eskigazeteci.com\/index.php?rest_route=\/wp\/v2\/types\/post"}],"author":[{"embeddable":true,"href":"https:\/\/eskigazeteci.com\/index.php?rest_route=\/wp\/v2\/users\/2"}],"replies":[{"embeddable":true,"href":"https:\/\/eskigazeteci.com\/index.php?rest_route=%2Fwp%2Fv2%2Fcomments&post=1369"}],"version-history":[{"count":0,"href":"https:\/\/eskigazeteci.com\/index.php?rest_route=\/wp\/v2\/posts\/1369\/revisions"}],"wp:featuredmedia":[{"embeddable":true,"href":"https:\/\/eskigazeteci.com\/index.php?rest_route=\/wp\/v2\/media\/1368"}],"wp:attachment":[{"href":"https:\/\/eskigazeteci.com\/index.php?rest_route=%2Fwp%2Fv2%2Fmedia&parent=1369"}],"wp:term":[{"taxonomy":"category","embeddable":true,"href":"https:\/\/eskigazeteci.com\/index.php?rest_route=%2Fwp%2Fv2%2Fcategories&post=1369"},{"taxonomy":"post_tag","embeddable":true,"href":"https:\/\/eskigazeteci.com\/index.php?rest_route=%2Fwp%2Fv2%2Ftags&post=1369"}],"curies":[{"name":"wp","href":"https:\/\/api.w.org\/{rel}","templated":true}]}}