{"id":1367,"date":"2026-02-12T08:08:50","date_gmt":"2026-02-12T08:08:50","guid":{"rendered":"https:\/\/eskigazeteci.com\/?p=1367"},"modified":"2026-02-12T08:08:50","modified_gmt":"2026-02-12T08:08:50","slug":"torun-istegi-sahnede-geldi","status":"publish","type":"post","link":"https:\/\/eskigazeteci.com\/?p=1367","title":{"rendered":"Torun iste\u011fi sahnede geldi"},"content":{"rendered":"<p>Sanat\u00e7\u0131, torunu Cengiz Orhonlu ve Sitare Akba\u015f \u2019\u0131 sahneye davet etti.<\/p>\n","protected":false},"excerpt":{"rendered":"<p>KAMURAN Akkor, \u0130stanbul&#8217;daki konserine hem \u015fark\u0131lar\u0131yla hem de yapt\u0131\u011f\u0131 s\u00fcrpriz a\u00e7\u0131klamayla damga vurdu.<\/p>\n","protected":false},"author":2,"featured_media":1366,"comment_status":"open","ping_status":"open","sticky":false,"template":"","format":"standard","meta":{"footnotes":""},"categories":[8,6,5],"tags":[],"class_list":["post-1367","post","type-post","status-publish","format-standard","has-post-thumbnail","hentry","category-arsiv","category-gundem","category-son-dakika"],"_links":{"self":[{"href":"https:\/\/eskigazeteci.com\/index.php?rest_route=\/wp\/v2\/posts\/1367","targetHints":{"allow":["GET"]}}],"collection":[{"href":"https:\/\/eskigazeteci.com\/index.php?rest_route=\/wp\/v2\/posts"}],"about":[{"href":"https:\/\/eskigazeteci.com\/index.php?rest_route=\/wp\/v2\/types\/post"}],"author":[{"embeddable":true,"href":"https:\/\/eskigazeteci.com\/index.php?rest_route=\/wp\/v2\/users\/2"}],"replies":[{"embeddable":true,"href":"https:\/\/eskigazeteci.com\/index.php?rest_route=%2Fwp%2Fv2%2Fcomments&post=1367"}],"version-history":[{"count":0,"href":"https:\/\/eskigazeteci.com\/index.php?rest_route=\/wp\/v2\/posts\/1367\/revisions"}],"wp:featuredmedia":[{"embeddable":true,"href":"https:\/\/eskigazeteci.com\/index.php?rest_route=\/wp\/v2\/media\/1366"}],"wp:attachment":[{"href":"https:\/\/eskigazeteci.com\/index.php?rest_route=%2Fwp%2Fv2%2Fmedia&parent=1367"}],"wp:term":[{"taxonomy":"category","embeddable":true,"href":"https:\/\/eskigazeteci.com\/index.php?rest_route=%2Fwp%2Fv2%2Fcategories&post=1367"},{"taxonomy":"post_tag","embeddable":true,"href":"https:\/\/eskigazeteci.com\/index.php?rest_route=%2Fwp%2Fv2%2Ftags&post=1367"}],"curies":[{"name":"wp","href":"https:\/\/api.w.org\/{rel}","templated":true}]}}