{"id":1365,"date":"2026-02-12T08:07:55","date_gmt":"2026-02-12T08:07:55","guid":{"rendered":"https:\/\/eskigazeteci.com\/?p=1365"},"modified":"2026-02-12T08:07:55","modified_gmt":"2026-02-12T08:07:55","slug":"ikisinin-kizlari-da-tantanayla-dunyaya-geldi-simdi-erkek-cocugu-bulana-kadar-doguracaklar","status":"publish","type":"post","link":"https:\/\/eskigazeteci.com\/?p=1365","title":{"rendered":"\u0130kisinin k\u0131zlar\u0131 da &#8216;tantanayla&#8217; d\u00fcnyaya geldi: \u015eimdi erkek \u00e7ocu\u011fu bulana kadar do\u011furacaklar!"},"content":{"rendered":"<p>\u00d6nce biri daha yak\u0131nlarda da di\u011feri gelin gittikleri ailelere birer k\u0131z bebek arma\u011fan etti. Ama gelin g\u00f6r\u00fcn ki \u015fimdi ikisinin de erkek bebek d\u00fcnyaya getirmesi gerekiyor.<\/p>\n<p>\u00c7\u00fcnk\u00fc gelin gittikleri ailelerin kural\u0131 b\u00f6yle.<\/p>\n<p>\u0130K\u0130S\u0130 DE M\u0130LYONLARIN G\u00d6Z\u00dcNDE MASAL KAHRAMANI<\/p>\n<p>Bu iki gen\u00e7 kad\u0131n da b\u00fct\u00fcn d\u00fcnyan\u0131n tan\u0131d\u0131\u011f\u0131 isimler. Biri \u00dcrd\u00fcn Veliaht Prensi H\u00fcseyin&#x27;in kar\u0131s\u0131 Prenses Rajwa. Yani \u00fclkenin gelecekteki krali\u00e7esi.<\/p>\n<p>Di\u011feri de veliaht olmasa da Brunei Sultan\u0131&#x27;n\u0131n o\u011fullar\u0131ndan biri Prens Abdul Mateen ile kar\u0131s\u0131 Anisha Rosnah.<\/p>\n<p>Rajwa ile H\u00fcseyin, 2023 y\u0131l\u0131nda g\u00f6steri\u015fli bir t\u00f6renle evlendiler. Bir y\u0131l sonra da k\u0131zlar\u0131 \u0130man d\u00fcnyaya geldi. Minik ge\u00e7en y\u0131l a\u011fustos ay\u0131nda da ilk do\u011fum g\u00fcn\u00fcn\u00fc kutlad\u0131.<\/p>\n<p>Anisha ile Abdul Mateen ise 2024 y\u0131l\u0131nda 10 g\u00fcn s\u00fcren bir t\u00f6renle hayatlar\u0131n\u0131 birle\u015ftirdi&#8230; Daha ge\u00e7en hafta sonu da ilk bebekleri d\u00fcnyaya geldi. Hen\u00fcz ad\u0131 a\u00e7\u0131klanmad\u0131 ama onlar\u0131n bebe\u011fi de bir k\u0131z.<\/p>\n<p>O \u00dcLKELERDE KIZ \u00c7OCUKLARININ TAHT \u00dcZER\u0130NDE HAKKI YOK<\/p>\n<p>\u0130\u015fte bu iki gen\u00e7 \u00e7iftin e\u015fitlendi\u011fi nokta da burada: \u0130kisinin k\u0131zlar\u0131n\u0131n do\u011fumu da aileyi sevince bo\u011fdu. \u0130ki k\u00fc\u00e7\u00fck k\u0131z da el \u00fcst\u00fcnde tutuluyor.<\/p>\n<p>Ama 1 ya\u015f\u0131n\u0131 geride b\u0131rakan \u0130man&#x27;\u0131n da Anisha ile Abdul Mateen&#x27;in yeni do\u011fan k\u0131z\u0131n\u0131n da ortak bir&#8230;<\/p>\n","protected":false},"excerpt":{"rendered":"<p>\u015e\u00f6yle bir bak\u0131ld\u0131\u011f\u0131nda farkl\u0131 ge\u00e7mi\u015flerden de gelseler hayat onlar\u0131 bir noktada e\u015fitledi&#8230; \u0130kisi de \u00fclkelerinin g\u00f6zde prensleriyle evlendi. \u0130kisinin evlilik&#8230;<\/p>\n","protected":false},"author":2,"featured_media":1364,"comment_status":"open","ping_status":"open","sticky":false,"template":"","format":"standard","meta":{"footnotes":""},"categories":[8,6,5],"tags":[],"class_list":["post-1365","post","type-post","status-publish","format-standard","has-post-thumbnail","hentry","category-arsiv","category-gundem","category-son-dakika"],"_links":{"self":[{"href":"https:\/\/eskigazeteci.com\/index.php?rest_route=\/wp\/v2\/posts\/1365","targetHints":{"allow":["GET"]}}],"collection":[{"href":"https:\/\/eskigazeteci.com\/index.php?rest_route=\/wp\/v2\/posts"}],"about":[{"href":"https:\/\/eskigazeteci.com\/index.php?rest_route=\/wp\/v2\/types\/post"}],"author":[{"embeddable":true,"href":"https:\/\/eskigazeteci.com\/index.php?rest_route=\/wp\/v2\/users\/2"}],"replies":[{"embeddable":true,"href":"https:\/\/eskigazeteci.com\/index.php?rest_route=%2Fwp%2Fv2%2Fcomments&post=1365"}],"version-history":[{"count":0,"href":"https:\/\/eskigazeteci.com\/index.php?rest_route=\/wp\/v2\/posts\/1365\/revisions"}],"wp:featuredmedia":[{"embeddable":true,"href":"https:\/\/eskigazeteci.com\/index.php?rest_route=\/wp\/v2\/media\/1364"}],"wp:attachment":[{"href":"https:\/\/eskigazeteci.com\/index.php?rest_route=%2Fwp%2Fv2%2Fmedia&parent=1365"}],"wp:term":[{"taxonomy":"category","embeddable":true,"href":"https:\/\/eskigazeteci.com\/index.php?rest_route=%2Fwp%2Fv2%2Fcategories&post=1365"},{"taxonomy":"post_tag","embeddable":true,"href":"https:\/\/eskigazeteci.com\/index.php?rest_route=%2Fwp%2Fv2%2Ftags&post=1365"}],"curies":[{"name":"wp","href":"https:\/\/api.w.org\/{rel}","templated":true}]}}