{"id":1363,"date":"2026-02-12T08:06:24","date_gmt":"2026-02-12T08:06:24","guid":{"rendered":"https:\/\/eskigazeteci.com\/?p=1363"},"modified":"2026-02-12T08:06:24","modified_gmt":"2026-02-12T08:06:24","slug":"hakan-peker-dedeligi-once-reddettim-ama-alistim","status":"publish","type":"post","link":"https:\/\/eskigazeteci.com\/?p=1363","title":{"rendered":"Hakan Peker: Dedeli\u011fi \u00f6nce reddettim ama al\u0131\u015ft\u0131m"},"content":{"rendered":"<p>Peker, \u201cEmekli olmamak i\u00e7in direndim\u201d dedi ve ekledi:<\/p>\n<p>\u201cDevlet beni emekli yapt\u0131. Emekli demek \u015fu demekti, \u2018Bizim senden devlet olarak hi\u00e7bir beklentimiz yok, buyur ayl\u0131\u011f\u0131n\u0131 ve otur.\u2019 Psikolojik olarak beni etkiledi\u011fi i\u00e7in primlerimi bile ge\u00e7 \u00f6d\u00fcyordum. Art\u0131k ka\u00e7amad\u0131m. En son emekli yapt\u0131lar. 20 bin lira maa\u015f al\u0131yorum.\u201d<\/p>\n<p>\u015eark\u0131c\u0131 , 10 ya\u015f\u0131ndaki torunu Hakan Peker hakk\u0131nda ilk kez konu\u015ftu:<\/p>\n<p>\u201c\u0130lk \u00f6nce yad\u0131rgad\u0131m, reddettim. Sonra al\u0131\u015ft\u0131m. \u015eimdi aram\u0131z \u00e7ok iyi. 21 ya\u015f\u0131ndayd\u0131m baba oldu\u011fumda. O\u011flum da 32\u2019de evlendi, \u015fimdi 10 ya\u015f\u0131nda bir torunum var. Bana \u00e7ok benziyor.\u201d<\/p>\n<p>T\u00fcrkiye&#x27;den ve D\u00fcnya\u2019dan son dakika haberleri, k\u00f6\u015fe yaz\u0131lar\u0131, magazinden siyasete, spordan seyahate b\u00fct\u00fcn konular\u0131n tek adresi Hurriyet.com.tr haber i\u00e7erikleri izin al\u0131nmadan, kaynak g\u00f6sterilerek dahi iktibas edilemez. Kanuna ayk\u0131r\u0131 ve izinsiz olarak kopyalanamaz, ba\u015fka yerde yay\u0131nlanamaz.<\/p>\n","protected":false},"excerpt":{"rendered":"<p>HAKAN Peker, \u201cBamba\u015fka Sohbetler\u201din konu\u011fu oldu.<\/p>\n","protected":false},"author":2,"featured_media":1362,"comment_status":"open","ping_status":"open","sticky":false,"template":"","format":"standard","meta":{"footnotes":""},"categories":[8,6,5],"tags":[],"class_list":["post-1363","post","type-post","status-publish","format-standard","has-post-thumbnail","hentry","category-arsiv","category-gundem","category-son-dakika"],"_links":{"self":[{"href":"https:\/\/eskigazeteci.com\/index.php?rest_route=\/wp\/v2\/posts\/1363","targetHints":{"allow":["GET"]}}],"collection":[{"href":"https:\/\/eskigazeteci.com\/index.php?rest_route=\/wp\/v2\/posts"}],"about":[{"href":"https:\/\/eskigazeteci.com\/index.php?rest_route=\/wp\/v2\/types\/post"}],"author":[{"embeddable":true,"href":"https:\/\/eskigazeteci.com\/index.php?rest_route=\/wp\/v2\/users\/2"}],"replies":[{"embeddable":true,"href":"https:\/\/eskigazeteci.com\/index.php?rest_route=%2Fwp%2Fv2%2Fcomments&post=1363"}],"version-history":[{"count":0,"href":"https:\/\/eskigazeteci.com\/index.php?rest_route=\/wp\/v2\/posts\/1363\/revisions"}],"wp:featuredmedia":[{"embeddable":true,"href":"https:\/\/eskigazeteci.com\/index.php?rest_route=\/wp\/v2\/media\/1362"}],"wp:attachment":[{"href":"https:\/\/eskigazeteci.com\/index.php?rest_route=%2Fwp%2Fv2%2Fmedia&parent=1363"}],"wp:term":[{"taxonomy":"category","embeddable":true,"href":"https:\/\/eskigazeteci.com\/index.php?rest_route=%2Fwp%2Fv2%2Fcategories&post=1363"},{"taxonomy":"post_tag","embeddable":true,"href":"https:\/\/eskigazeteci.com\/index.php?rest_route=%2Fwp%2Fv2%2Ftags&post=1363"}],"curies":[{"name":"wp","href":"https:\/\/api.w.org\/{rel}","templated":true}]}}