{"id":1361,"date":"2026-02-12T08:04:53","date_gmt":"2026-02-12T08:04:53","guid":{"rendered":"https:\/\/eskigazeteci.com\/?p=1361"},"modified":"2026-02-12T08:04:53","modified_gmt":"2026-02-12T08:04:53","slug":"izsu-izmir-baraj-doluluk-oranlari-12-subat","status":"publish","type":"post","link":"https:\/\/eskigazeteci.com\/?p=1361","title":{"rendered":"\u0130ZSU \u0130ZM\u0130R BARAJ DOLULUK ORANLARI 12 \u015eUBAT"},"content":{"rendered":"<p>\u0130zmir baraj doluluk oran\u0131 il genelinde meydana gelen ya\u011f\u0131\u015flar sonras\u0131 merak konusu oldu. \u0130ZSU baraj doluluk oranlar\u0131 hemen her g\u00fcn oldu\u011fu gibi bug\u00fcn de \u0130ZSU taraf\u0131ndan g\u00fcncellendi. Son a\u00e7\u0131klanan verilere g\u00f6re baraj doluluk oran\u0131 y\u00fczde 45 civarlar\u0131nda seyrediyor. Peki, bug\u00fcn baraj doluluk oran\u0131 y\u00fczde ka\u00e7? Merak edenler i\u00e7in g\u00fcncel verileri haberimizde derledik. \u0130\u015fte t\u00fcm ara\u015ft\u0131r\u0131lanlar&#8230;<\/p>\n<p>\u0130zmir baraj doluluk oran\u0131 12 \u015eubat bug\u00fcn ortalama y\u00fczde 35 seviyelerinde kaydedildi.<\/p>\n<p>\u0130zmir baraj doluluk oran\u0131 12 \u015eubat bug\u00fcn ortalama y\u00fczde 35 seviyelerinde kaydedildi.<\/p>\n<p>Bir \u00f6nceki y\u0131l ayn\u0131 d\u00f6nemlerde ise ortalama baraj doluluk oran\u0131 y\u00fczde 30 seviyelerinde seyrediyordu.<\/p>\n<p>T\u00fcrkiye&#x27;den ve D\u00fcnya\u2019dan son dakika haberleri, k\u00f6\u015fe yaz\u0131lar\u0131, magazinden siyasete, spordan seyahate b\u00fct\u00fcn konular\u0131n tek adresi Hurriyet.com.tr haber i\u00e7erikleri izin al\u0131nmadan, kaynak g\u00f6sterilerek dahi iktibas edilemez. Kanuna ayk\u0131r\u0131 ve izinsiz olarak kopyalanamaz, ba\u015fka yerde yay\u0131nlanamaz.<\/p>\n","protected":false},"excerpt":{"rendered":"<p>\u0130zmir baraj doluluk oranlar\u0131 \u0130zmir&#8217;de meydana gelen son ya\u011f\u0131\u015flar\u0131n ard\u0131ndan merak konusu oldu. \u0130ZSU taraf\u0131ndan g\u00fcnl\u00fck doluluk oran\u0131 raporu yay\u0131nland\u0131&#8230;.<\/p>\n","protected":false},"author":2,"featured_media":1360,"comment_status":"open","ping_status":"open","sticky":false,"template":"","format":"standard","meta":{"footnotes":""},"categories":[8,6,5],"tags":[],"class_list":["post-1361","post","type-post","status-publish","format-standard","has-post-thumbnail","hentry","category-arsiv","category-gundem","category-son-dakika"],"_links":{"self":[{"href":"https:\/\/eskigazeteci.com\/index.php?rest_route=\/wp\/v2\/posts\/1361","targetHints":{"allow":["GET"]}}],"collection":[{"href":"https:\/\/eskigazeteci.com\/index.php?rest_route=\/wp\/v2\/posts"}],"about":[{"href":"https:\/\/eskigazeteci.com\/index.php?rest_route=\/wp\/v2\/types\/post"}],"author":[{"embeddable":true,"href":"https:\/\/eskigazeteci.com\/index.php?rest_route=\/wp\/v2\/users\/2"}],"replies":[{"embeddable":true,"href":"https:\/\/eskigazeteci.com\/index.php?rest_route=%2Fwp%2Fv2%2Fcomments&post=1361"}],"version-history":[{"count":0,"href":"https:\/\/eskigazeteci.com\/index.php?rest_route=\/wp\/v2\/posts\/1361\/revisions"}],"wp:featuredmedia":[{"embeddable":true,"href":"https:\/\/eskigazeteci.com\/index.php?rest_route=\/wp\/v2\/media\/1360"}],"wp:attachment":[{"href":"https:\/\/eskigazeteci.com\/index.php?rest_route=%2Fwp%2Fv2%2Fmedia&parent=1361"}],"wp:term":[{"taxonomy":"category","embeddable":true,"href":"https:\/\/eskigazeteci.com\/index.php?rest_route=%2Fwp%2Fv2%2Fcategories&post=1361"},{"taxonomy":"post_tag","embeddable":true,"href":"https:\/\/eskigazeteci.com\/index.php?rest_route=%2Fwp%2Fv2%2Ftags&post=1361"}],"curies":[{"name":"wp","href":"https:\/\/api.w.org\/{rel}","templated":true}]}}