{"id":136,"date":"2026-02-09T09:33:31","date_gmt":"2026-02-09T09:33:31","guid":{"rendered":"https:\/\/eskigazeteci.com\/?p=136"},"modified":"2026-02-09T09:33:31","modified_gmt":"2026-02-09T09:33:31","slug":"haber-43","status":"publish","type":"post","link":"https:\/\/eskigazeteci.com\/?p=136","title":{"rendered":"Haber"},"content":{"rendered":"<p>H\u00fcseyina\u011fa Mahallesi&#x27;nde 26 Ocak Cuma g\u00fcn\u00fc saat 03.00 s\u0131ralar\u0131nda meydana gelen ilk olayda, seyir halindeki otomobil s\u00fcr\u00fcc\u00fcs\u00fc ile sokakta bulunan ve alkoll\u00fc olduklar\u0131 iddia edilen grup aras\u0131nda tart\u0131\u015fma \u00e7\u0131kt\u0131. Tart\u0131\u015fman\u0131n kavgaya d\u00f6n\u00fc\u015fmesi \u00fczerine darbedildi\u011fi \u00f6ne s\u00fcr\u00fclen s\u00fcr\u00fcc\u00fc, olay yerinden uzakla\u015f\u0131p arac\u0131na bindi. Daha sonra geri d\u00f6nen s\u00fcr\u00fcc\u00fc, arac\u0131n\u0131 grubun \u00fczerine s\u00fcrd\u00fc. Kald\u0131r\u0131mda bulunanlar arac\u0131n alt\u0131nda kalmaktan son anda kurtuldu. S\u00fcr\u00fcc\u00fcn\u00fcn arkas\u0131ndan ko\u015fan grup ise arac\u0131 tekmeledi.<\/p>\n<p>GECE KUL\u00dcB\u00dc \u00d6N\u00dcNDE KAVGA<\/p>\n<p>Ayn\u0131 sokakta 8 \u015eubat&#x27;ta saat 03.00 s\u0131ralar\u0131nda meydana gelen di\u011fer olayda ise, alkoll\u00fc olduklar\u0131 iddia edilen iki grup aras\u0131nda gece kul\u00fcb\u00fc \u00f6n\u00fcnde tart\u0131\u015fma \u00e7\u0131kt\u0131. K\u0131sa s\u00fcrede b\u00fcy\u00fcyen kavgada taraflar birbirine sald\u0131rd\u0131. Olay yerine gelen polis ekipleri kavgaya m\u00fcdahale etti. Yere yat\u0131r\u0131lan baz\u0131 \u015f\u00fcpheliler kelep\u00e7elenerek g\u00f6zalt\u0131na al\u0131n\u0131rken, kavga etmeye devam eden di\u011fer ki\u015filer de polis taraf\u0131ndan ayr\u0131ld\u0131. Ya\u015fananlar cep telefonu kameras\u0131na yans\u0131d\u0131.<\/p>\n<p>T\u00fcrkiye g\u00fcndeminden son dakika haberleri, bug\u00fcn ya\u015fanan en son geli\u015fmeler, siyaset g\u00fcndeminden g\u00fcncel haberler ve b\u00fct\u00fcn son dakika haberleri i\u00e7in H\u00fcrriyet&#x27;in internet haber sitesi hurriyet.com.tr; Hurriyet.com.tr haber i\u00e7erikleri kaynak g\u00f6sterilmeden al\u0131nt\u0131 yap\u0131lamaz, Kanuna ayk\u0131r\u0131 ve izinsiz olarak kopyalanamaz, ba\u015fka yerde yay\u0131nlanamaz.<\/p>\n","protected":false},"excerpt":{"rendered":"<p>\u0130stanbul Beyo\u011flu&#8217;nda iddiaya g\u00f6re, sokakta seyir halindeki bir s\u00fcr\u00fcc\u00fc ile alkoll\u00fc oldu\u011fu \u00f6ne s\u00fcr\u00fclen bir grup aras\u0131nda kavga \u00e7\u0131kt\u0131. Darbedildi\u011fi iddia edilen&#8230;<\/p>\n","protected":false},"author":2,"featured_media":135,"comment_status":"open","ping_status":"open","sticky":false,"template":"","format":"standard","meta":{"footnotes":""},"categories":[8,3],"tags":[],"class_list":["post-136","post","type-post","status-publish","format-standard","has-post-thumbnail","hentry","category-arsiv","category-siyaset"],"_links":{"self":[{"href":"https:\/\/eskigazeteci.com\/index.php?rest_route=\/wp\/v2\/posts\/136","targetHints":{"allow":["GET"]}}],"collection":[{"href":"https:\/\/eskigazeteci.com\/index.php?rest_route=\/wp\/v2\/posts"}],"about":[{"href":"https:\/\/eskigazeteci.com\/index.php?rest_route=\/wp\/v2\/types\/post"}],"author":[{"embeddable":true,"href":"https:\/\/eskigazeteci.com\/index.php?rest_route=\/wp\/v2\/users\/2"}],"replies":[{"embeddable":true,"href":"https:\/\/eskigazeteci.com\/index.php?rest_route=%2Fwp%2Fv2%2Fcomments&post=136"}],"version-history":[{"count":0,"href":"https:\/\/eskigazeteci.com\/index.php?rest_route=\/wp\/v2\/posts\/136\/revisions"}],"wp:featuredmedia":[{"embeddable":true,"href":"https:\/\/eskigazeteci.com\/index.php?rest_route=\/wp\/v2\/media\/135"}],"wp:attachment":[{"href":"https:\/\/eskigazeteci.com\/index.php?rest_route=%2Fwp%2Fv2%2Fmedia&parent=136"}],"wp:term":[{"taxonomy":"category","embeddable":true,"href":"https:\/\/eskigazeteci.com\/index.php?rest_route=%2Fwp%2Fv2%2Fcategories&post=136"},{"taxonomy":"post_tag","embeddable":true,"href":"https:\/\/eskigazeteci.com\/index.php?rest_route=%2Fwp%2Fv2%2Ftags&post=136"}],"curies":[{"name":"wp","href":"https:\/\/api.w.org\/{rel}","templated":true}]}}