{"id":1357,"date":"2026-02-12T08:01:51","date_gmt":"2026-02-12T08:01:51","guid":{"rendered":"https:\/\/eskigazeteci.com\/?p=1357"},"modified":"2026-02-12T08:01:51","modified_gmt":"2026-02-12T08:01:51","slug":"sevdigim-sensin-konusu-nedir-nerede-cekiliyor-sevdigim-sensin-dizi-oyunculari-ve-karakterleri","status":"publish","type":"post","link":"https:\/\/eskigazeteci.com\/?p=1357","title":{"rendered":"Sevdi\u011fim Sensin konusu nedir, nerede \u00e7ekiliyor? Sevdi\u011fim Sensin dizi oyuncular\u0131 ve karakterleri"},"content":{"rendered":"<p>Ba\u015frollerini Ayta\u00e7 \u015ea\u015fmaz ve Helin Kandemir\u2019in payla\u015ft\u0131\u011f\u0131 Star\u2019\u0131n iddial\u0131 yeni dizisi Sevdi\u011fim Sensin, 12 \u015eubat Per\u015fembe g\u00fcn\u00fc ilk b\u00f6l\u00fcm\u00fcyle Star\u2019da izleyiciyle bulu\u015fuyor. Ay Yap\u0131m imzal\u0131, hikayesi Co\u015fkun Irmak\u2019a, senaryosu Ye\u015fim Aslan\u2019a ait olan ve y\u00f6netmenli\u011fini G\u00f6k\u00e7en Usta\u2019n\u0131n \u00fcstlendi\u011fi Sevdi\u011fim Sensin dizi oyuncular\u0131 merak ediliyor. Peki, Sevdi\u011fim Sensin konusu nedir? Sevdi\u011fim Sensin oyuncular\u0131 ve hikayesi<\/p>\n<p>Ba\u015frollerini Ayta\u00e7 \u015ea\u015fmaz ve Helin Kandemir\u2019in payla\u015ft\u0131\u011f\u0131 Star\u2019\u0131n iddial\u0131 yeni dizisi Sevdi\u011fim Sensin, 12 \u015eubat Per\u015fembe g\u00fcn\u00fc ilk b\u00f6l\u00fcm\u00fcyle Star\u2019da izleyiciyle bulu\u015fuyor. Ay Yap\u0131m imzal\u0131, hikayesi Co\u015fkun Irmak\u2019a, senaryosu Ye\u015fim Aslan\u2019a ait olan ve y\u00f6netmenli\u011fini G\u00f6k\u00e7en Usta\u2019n\u0131n \u00fcstlendi\u011fi Sevdi\u011fim Sensin dizi oyuncular\u0131 merak ediliyor. Peki, Sevdi\u011fim Sensin konusu nedir? Sevdi\u011fim Sensin oyuncular\u0131 ve hikayesi<\/p>\n<p>Sevdi\u011fim Sensin, askerlik g\u00f6revi s\u0131ras\u0131nda ya\u015fanan deprem felaketinde k\u00f6y halk\u0131n\u0131 ya\u011fmac\u0131lardan koruyan Erkan ile k\u00f6yl\u00fc k\u0131z\u0131 Dicle\u2019nin tan\u0131\u015fmas\u0131yla de\u011fi\u015fen kaderlerini konu al\u0131yor. Dizinin \u00e7ekimleri ise A\u011fr\u0131&#x27;da ger\u00e7ekle\u015ftiriliyor.<\/p>\n<p>Sevdi\u011fim Sensin, askerlik g\u00f6revi s\u0131ras\u0131nda ya\u015fanan deprem felaketinde k\u00f6y halk\u0131n\u0131 ya\u011fmac\u0131lardan koruyan Erkan ile k\u00f6yl\u00fc k\u0131z\u0131 Dicle\u2019nin&#8230;<\/p>\n","protected":false},"excerpt":{"rendered":"<p>Sevdi\u011fim Sensin ilk b\u00f6l\u00fcm ile ekrana geliyor. Sevdi\u011fim Sensin dizisi ne zaman yay\u0131nlanacak sorusu Star TV yay\u0131n ak\u0131\u015f\u0131yla yan\u0131t buldu. Sevdi\u011fim Sensin&#8230;<\/p>\n","protected":false},"author":2,"featured_media":1356,"comment_status":"open","ping_status":"open","sticky":false,"template":"","format":"standard","meta":{"footnotes":""},"categories":[8,6,5],"tags":[],"class_list":["post-1357","post","type-post","status-publish","format-standard","has-post-thumbnail","hentry","category-arsiv","category-gundem","category-son-dakika"],"_links":{"self":[{"href":"https:\/\/eskigazeteci.com\/index.php?rest_route=\/wp\/v2\/posts\/1357","targetHints":{"allow":["GET"]}}],"collection":[{"href":"https:\/\/eskigazeteci.com\/index.php?rest_route=\/wp\/v2\/posts"}],"about":[{"href":"https:\/\/eskigazeteci.com\/index.php?rest_route=\/wp\/v2\/types\/post"}],"author":[{"embeddable":true,"href":"https:\/\/eskigazeteci.com\/index.php?rest_route=\/wp\/v2\/users\/2"}],"replies":[{"embeddable":true,"href":"https:\/\/eskigazeteci.com\/index.php?rest_route=%2Fwp%2Fv2%2Fcomments&post=1357"}],"version-history":[{"count":0,"href":"https:\/\/eskigazeteci.com\/index.php?rest_route=\/wp\/v2\/posts\/1357\/revisions"}],"wp:featuredmedia":[{"embeddable":true,"href":"https:\/\/eskigazeteci.com\/index.php?rest_route=\/wp\/v2\/media\/1356"}],"wp:attachment":[{"href":"https:\/\/eskigazeteci.com\/index.php?rest_route=%2Fwp%2Fv2%2Fmedia&parent=1357"}],"wp:term":[{"taxonomy":"category","embeddable":true,"href":"https:\/\/eskigazeteci.com\/index.php?rest_route=%2Fwp%2Fv2%2Fcategories&post=1357"},{"taxonomy":"post_tag","embeddable":true,"href":"https:\/\/eskigazeteci.com\/index.php?rest_route=%2Fwp%2Fv2%2Ftags&post=1357"}],"curies":[{"name":"wp","href":"https:\/\/api.w.org\/{rel}","templated":true}]}}