{"id":1353,"date":"2026-02-12T07:58:43","date_gmt":"2026-02-12T07:58:43","guid":{"rendered":"https:\/\/eskigazeteci.com\/?p=1353"},"modified":"2026-02-12T07:58:43","modified_gmt":"2026-02-12T07:58:43","slug":"menajer-ayse-barima-12-5-yil","status":"publish","type":"post","link":"https:\/\/eskigazeteci.com\/?p=1353","title":{"rendered":"Menajer Ay\u015fe Bar\u0131m\u2019a 12.5 y\u0131l"},"content":{"rendered":"<p>ID Dan\u0131\u015fmanl\u0131k ve LTD \u015eirketi\u2019nin sahibi ve \u00fcnl\u00fclerin menajeri Ay\u015fe Bar\u0131m hakk\u0131nda Gezi Park\u0131 olaylar\u0131 s\u00fcrecinde \u015firketine ba\u011fl\u0131 sanat\u00e7\u0131lar\u0131 eylemlere kat\u0131lmas\u0131 i\u00e7in y\u00f6nlendirdi\u011fi ve olaylar\u0131n planlay\u0131c\u0131lar\u0131ndan oldu\u011fu iddias\u0131yla \u2018cebir ve \u015fiddet kullanarak T\u00fcrkiye Cumhuriyeti H\u00fck\u00fcmetini ortadan kald\u0131rmaya veya g\u00f6revlerini yapmas\u0131n\u0131 k\u0131smen veya tamamen engellemeye te\u015febb\u00fcse yard\u0131m etme\u2019 su\u00e7undan 30 y\u0131la kadar hapis istemiyle dava a\u00e7\u0131lm\u0131\u015ft\u0131.<\/p>\n<p>8 AY TUTUKLU KALDI<\/p>\n<p>Ay\u015fe Bar\u0131m 27 Ocak 2025\u2019te tutuklanm\u0131\u015f, yakla\u015f\u0131k 8 ay sonra 1 Ekim\u2019de adli kontrol \u015fart\u0131yla tahliye edilmi\u015fti. Savc\u0131 \u00f6nceki g\u00fcn celse aras\u0131 verdi\u011fi m\u00fctalaada Bar\u0131m\u2019\u0131n \u2018cebir ve \u015fiddet kullanarak T\u00fcrkiye Cumhuriyeti H\u00fck\u00fcmetini ortadan kald\u0131rmaya veya g\u00f6revlerini yapmas\u0131n\u0131 k\u0131smen veya tamamen engellemeye te\u015febb\u00fcs\u2019 su\u00e7undan a\u011f\u0131rla\u015ft\u0131r\u0131lm\u0131\u015f m\u00fcebbet hapsini istemi\u015fti. \u0130stanbul 26\u2019nc\u0131 A\u011f\u0131r Ceza Mahkemesi\u2019nde d\u00fcn g\u00f6r\u00fclen duru\u015fmaya tutuksuz san\u0131k Ay\u015fe Bar\u0131m ile avukatlar\u0131 kat\u0131ld\u0131. Son savunmas\u0131 sorulan Ay\u015fe Bar\u0131m, birlikte \u00e7al\u0131\u015ft\u0131\u011f\u0131 oyuncular\u0131 Gezi Park\u0131 \u2019na y\u00f6nlendirmedi\u011fini s\u00f6yledi.<\/p>\n<p>TAKD\u0130R \u0130ND\u0130R\u0130M\u0130<\/p>\n<p>Mahkeme heyeti, Ay\u015fe Bar\u0131m \u2019\u0131n \u2018T\u00fcrkiye Cumhuriyeti h\u00fck\u00fcmetini ortadan kald\u0131rmaya te\u015febb\u00fcs etme\u2019 su\u00e7undan a\u011f\u0131rla\u015ft\u0131r\u0131lm\u0131\u015f m\u00fcebbet&#8230;<\/p>\n","protected":false},"excerpt":{"rendered":"<p>Gezi Park\u0131 olaylar\u0131n\u0131n planlay\u0131c\u0131lar\u0131ndan oldu\u011fu iddias\u0131yla yarg\u0131lanan menajer Ay\u015fe Bar\u0131m, \u2018T\u00fcrkiye Cumhuriyeti h\u00fck\u00fcmetini ortadan kald\u0131rmaya te\u015febb\u00fcse&#8230;<\/p>\n","protected":false},"author":2,"featured_media":1352,"comment_status":"open","ping_status":"open","sticky":false,"template":"","format":"standard","meta":{"footnotes":""},"categories":[8,6,5],"tags":[],"class_list":["post-1353","post","type-post","status-publish","format-standard","has-post-thumbnail","hentry","category-arsiv","category-gundem","category-son-dakika"],"_links":{"self":[{"href":"https:\/\/eskigazeteci.com\/index.php?rest_route=\/wp\/v2\/posts\/1353","targetHints":{"allow":["GET"]}}],"collection":[{"href":"https:\/\/eskigazeteci.com\/index.php?rest_route=\/wp\/v2\/posts"}],"about":[{"href":"https:\/\/eskigazeteci.com\/index.php?rest_route=\/wp\/v2\/types\/post"}],"author":[{"embeddable":true,"href":"https:\/\/eskigazeteci.com\/index.php?rest_route=\/wp\/v2\/users\/2"}],"replies":[{"embeddable":true,"href":"https:\/\/eskigazeteci.com\/index.php?rest_route=%2Fwp%2Fv2%2Fcomments&post=1353"}],"version-history":[{"count":0,"href":"https:\/\/eskigazeteci.com\/index.php?rest_route=\/wp\/v2\/posts\/1353\/revisions"}],"wp:featuredmedia":[{"embeddable":true,"href":"https:\/\/eskigazeteci.com\/index.php?rest_route=\/wp\/v2\/media\/1352"}],"wp:attachment":[{"href":"https:\/\/eskigazeteci.com\/index.php?rest_route=%2Fwp%2Fv2%2Fmedia&parent=1353"}],"wp:term":[{"taxonomy":"category","embeddable":true,"href":"https:\/\/eskigazeteci.com\/index.php?rest_route=%2Fwp%2Fv2%2Fcategories&post=1353"},{"taxonomy":"post_tag","embeddable":true,"href":"https:\/\/eskigazeteci.com\/index.php?rest_route=%2Fwp%2Fv2%2Ftags&post=1353"}],"curies":[{"name":"wp","href":"https:\/\/api.w.org\/{rel}","templated":true}]}}