{"id":1349,"date":"2026-02-12T07:55:58","date_gmt":"2026-02-12T07:55:58","guid":{"rendered":"https:\/\/eskigazeteci.com\/?p=1349"},"modified":"2026-02-12T07:55:58","modified_gmt":"2026-02-12T07:55:58","slug":"2-bakanlikta-devir-teslim","status":"publish","type":"post","link":"https:\/\/eskigazeteci.com\/?p=1349","title":{"rendered":"2 bakanl\u0131kta devir teslim"},"content":{"rendered":"<p>SU\u00c7LA TAV\u0130ZS\u0130Z M\u00dcCADELE<\/p>\n<p>Adalet Bakanl\u0131\u011f\u0131\u2019nda d\u00fcn saat 14.00\u2019te d\u00fczenlenen devir teslim t\u00f6renine, G\u00fcrlek ile Tun\u00e7\u2019un yan\u0131 s\u0131ra Bakanl\u0131k b\u00fcrokratlar\u0131 kat\u0131ld\u0131. T\u00f6rende konu\u015fan Tun\u00e7, 4 Haziran 2023\u2019te Cumhurba\u015fkan\u0131 Erdo\u011fan\u2019\u0131n takdiriyle Adalet Bakanl\u0131\u011f\u0131 g\u00f6revine getirildi\u011fini, bug\u00fcn de onur ve gururla g\u00f6revini G\u00fcrlek\u2019e devretti\u011fini s\u00f6yledi. Cumhurba\u015fkan\u0131 Erdo\u011fan ile siyaset yolculu\u011funun uzun bir zamana yay\u0131ld\u0131\u011f\u0131n\u0131, AK Parti\u2019nin kurulu\u015fundan bu yana farkl\u0131 g\u00f6revlerde bulundu\u011funu belirten Tun\u00e7, \u201cAradan ge\u00e7en 2.5 y\u0131ldan fazla bir zamand\u0131r sizlerle beraberiz. Adalet te\u015fkilat\u0131n\u0131n kapasitesini g\u00fc\u00e7lendirmenin onur ve gururunu ya\u015fad\u0131k\u201d dedi. Makamlar\u0131n \u201cmilletin emaneti\u201d oldu\u011funu vurgulayan Tun\u00e7, Bakan Yard\u0131mc\u0131l\u0131\u011f\u0131 d\u00f6neminde mesai arkada\u015fl\u0131\u011f\u0131 yapt\u0131\u011f\u0131 G\u00fcrlek\u2019e yeni g\u00f6revinde ba\u015far\u0131lar diledi.<\/p>\n<p>BU B\u0130R BAYRAK YARI\u015eI<\/p>\n<p>G\u00fcrlek ise \u00f6zetle \u015funlar\u0131 s\u00f6yledi: \u201cAdalet Bakanl\u0131\u011f\u0131 gibi onurlu bir g\u00f6revi tevdi eden Say\u0131n Cumhurba\u015fkan\u0131m\u0131z Recep Tayyip Erdo\u011fan Bey\u2019e \u015f\u00fckranlar\u0131m\u0131 arz ediyorum. Adalet sistemi 85 milyon vatanda\u015f\u0131m\u0131z\u0131n ortak g\u00fcvencesidir. T\u00fcrkiye Y\u00fczy\u0131l\u0131\u2019nda g\u00fc\u00e7l\u00fc devlet, g\u00fc\u00e7l\u00fc adalet anlay\u0131\u015f\u0131 do\u011frultusunda reformlar\u0131 kararl\u0131l\u0131kla s\u00fcrd\u00fcrece\u011fiz. Su\u00e7la m\u00fccadelede tavizsiz duru\u015fumuzu devam&#8230;<\/p>\n","protected":false},"excerpt":{"rendered":"<p>Adalet Bakanl\u0131\u011f\u0131\u2019na atanan Ak\u0131n G\u00fcrlek g\u00f6revi Y\u0131lmaz Tun\u00e7\u2019tan, \u0130\u00e7i\u015fleri Bakan\u0131 olarak atanan Mustafa \u00c7ift\u00e7i ise g\u00f6revi Ali Yerlikaya\u2019dan devrald\u0131.<\/p>\n","protected":false},"author":2,"featured_media":1348,"comment_status":"open","ping_status":"open","sticky":false,"template":"","format":"standard","meta":{"footnotes":""},"categories":[8,6,5],"tags":[],"class_list":["post-1349","post","type-post","status-publish","format-standard","has-post-thumbnail","hentry","category-arsiv","category-gundem","category-son-dakika"],"_links":{"self":[{"href":"https:\/\/eskigazeteci.com\/index.php?rest_route=\/wp\/v2\/posts\/1349","targetHints":{"allow":["GET"]}}],"collection":[{"href":"https:\/\/eskigazeteci.com\/index.php?rest_route=\/wp\/v2\/posts"}],"about":[{"href":"https:\/\/eskigazeteci.com\/index.php?rest_route=\/wp\/v2\/types\/post"}],"author":[{"embeddable":true,"href":"https:\/\/eskigazeteci.com\/index.php?rest_route=\/wp\/v2\/users\/2"}],"replies":[{"embeddable":true,"href":"https:\/\/eskigazeteci.com\/index.php?rest_route=%2Fwp%2Fv2%2Fcomments&post=1349"}],"version-history":[{"count":0,"href":"https:\/\/eskigazeteci.com\/index.php?rest_route=\/wp\/v2\/posts\/1349\/revisions"}],"wp:featuredmedia":[{"embeddable":true,"href":"https:\/\/eskigazeteci.com\/index.php?rest_route=\/wp\/v2\/media\/1348"}],"wp:attachment":[{"href":"https:\/\/eskigazeteci.com\/index.php?rest_route=%2Fwp%2Fv2%2Fmedia&parent=1349"}],"wp:term":[{"taxonomy":"category","embeddable":true,"href":"https:\/\/eskigazeteci.com\/index.php?rest_route=%2Fwp%2Fv2%2Fcategories&post=1349"},{"taxonomy":"post_tag","embeddable":true,"href":"https:\/\/eskigazeteci.com\/index.php?rest_route=%2Fwp%2Fv2%2Ftags&post=1349"}],"curies":[{"name":"wp","href":"https:\/\/api.w.org\/{rel}","templated":true}]}}