{"id":1345,"date":"2026-02-12T07:52:54","date_gmt":"2026-02-12T07:52:54","guid":{"rendered":"https:\/\/eskigazeteci.com\/?p=1345"},"modified":"2026-02-12T07:52:54","modified_gmt":"2026-02-12T07:52:54","slug":"11-yildir-dinmeyen-aci","status":"publish","type":"post","link":"https:\/\/eskigazeteci.com\/?p=1345","title":{"rendered":"11 y\u0131ld\u0131r dinmeyen ac\u0131"},"content":{"rendered":"<p>Ac\u0131l\u0131 aile, 11 y\u0131l \u00f6nce kaybettikleri evlatlar\u0131na olan hasretlerini anlatt\u0131. Anne Song\u00fcl Aslan , \u00fcz\u00fcnt\u00fcs\u00fcn\u00fcn bitmedi\u011fini belirterek, \u201c\u00d6zge\u2019m vefat edeli 11 y\u0131l oldu. Rabb\u2019im kimseye bu ac\u0131lar\u0131 vermesin. Allah hepimizin yar ve yard\u0131mc\u0131s\u0131 olsun. \u2018Ba\u015fka canlar yanmas\u0131n\u2019 diyorum\u201d ifadelerini kulland\u0131.<\/p>\n<p>\u2018UNUTTURMAYACA\u011eIZ\u2019<\/p>\n<p>Evlad\u0131n\u0131 \u00f6zlemle and\u0131\u011f\u0131n\u0131 vurgulayan Aslan, \u201c\u00d6zge\u2019m her dakika i\u00e7imizde. Hi\u00e7bir zaman unutmad\u0131k, unutturmayaca\u011f\u0131z\u201d dedi.<\/p>\n<p>Baba Mehmet Aslan da 11 y\u0131l \u00f6nce ya\u015fad\u0131klar\u0131 ac\u0131n\u0131n kendileriyle b\u00fcy\u00fcd\u00fc\u011f\u00fcn\u00fc ifade ederek, \u015f\u00f6yle konu\u015ftu:<\/p>\n<p>\u2018KALB\u0130M\u0130Z YANIYOR\u2019<\/p>\n<p>\u201cOnun oturdu\u011fu koltu\u011fa, k\u00f6\u015feye oturuyoruz. Kar\u015f\u0131m\u0131zda onun resmi var. Kendimizi avutuyoruz, ne yapal\u0131m? Bizim g\u00f6zlerimiz g\u00fcl\u00fcyor ama kalbimiz yan\u0131yor. Cehennem i\u00e7imizde, s\u00f6nm\u00fcyor. D\u0131\u015far\u0131dan g\u00f6r\u00fcnd\u00fc\u011f\u00fc gibi de\u011fil, ge\u00e7miyor. \u0130ki \u00e7ocu\u011fumuz daha var. Onlar\u0131n gelece\u011fi, istikbali i\u00e7in biraz unutmu\u015f gibi yap\u0131yoruz, hat\u0131rlatm\u0131yoruz. \u00c7ocuklar\u0131n yan\u0131nda konu\u015fmuyoruz. R\u00fcyalar\u0131m\u0131za geliyor.\u201d<\/p>\n<p>EV\u0130NE G\u0130TMEK \u0130\u00c7\u0130N B\u0130ND\u0130\u011e\u0130 M\u0130N\u0130B\u00dcSTE \u00d6LD\u00dcR\u00dcLM\u00dc\u015eT\u00dc<\/p>\n<p>&#8211; \u00dcniversite \u00f6\u011frencisi \u00d6zgecan Aslan , Mersin \u2019in Tarsus il\u00e7esinde 11 \u015eubat 2015\u2019te okuldan \u00e7\u0131kt\u0131ktan sonra evine gitmek i\u00e7in bindi\u011fi minib\u00fcste katledilmi\u015fti. Tutuklu san\u0131klar Ahmet Suphi&#8230;<\/p>\n","protected":false},"excerpt":{"rendered":"<p>MERS\u0130N\u2019in Tarsus il\u00e7esinde 11 \u015eubat 2015\u2019te katledilen \u00c7a\u011f \u00dcniversitesi Fen Edebiyat Fak\u00fcltesi Psikoloji B\u00f6l\u00fcm\u00fc 1. s\u0131n\u0131f \u00f6\u011frencisi \u00d6zgecan Aslan\u2019\u0131n (19)&#8230;<\/p>\n","protected":false},"author":2,"featured_media":1344,"comment_status":"open","ping_status":"open","sticky":false,"template":"","format":"standard","meta":{"footnotes":""},"categories":[8,6,5],"tags":[],"class_list":["post-1345","post","type-post","status-publish","format-standard","has-post-thumbnail","hentry","category-arsiv","category-gundem","category-son-dakika"],"_links":{"self":[{"href":"https:\/\/eskigazeteci.com\/index.php?rest_route=\/wp\/v2\/posts\/1345","targetHints":{"allow":["GET"]}}],"collection":[{"href":"https:\/\/eskigazeteci.com\/index.php?rest_route=\/wp\/v2\/posts"}],"about":[{"href":"https:\/\/eskigazeteci.com\/index.php?rest_route=\/wp\/v2\/types\/post"}],"author":[{"embeddable":true,"href":"https:\/\/eskigazeteci.com\/index.php?rest_route=\/wp\/v2\/users\/2"}],"replies":[{"embeddable":true,"href":"https:\/\/eskigazeteci.com\/index.php?rest_route=%2Fwp%2Fv2%2Fcomments&post=1345"}],"version-history":[{"count":0,"href":"https:\/\/eskigazeteci.com\/index.php?rest_route=\/wp\/v2\/posts\/1345\/revisions"}],"wp:featuredmedia":[{"embeddable":true,"href":"https:\/\/eskigazeteci.com\/index.php?rest_route=\/wp\/v2\/media\/1344"}],"wp:attachment":[{"href":"https:\/\/eskigazeteci.com\/index.php?rest_route=%2Fwp%2Fv2%2Fmedia&parent=1345"}],"wp:term":[{"taxonomy":"category","embeddable":true,"href":"https:\/\/eskigazeteci.com\/index.php?rest_route=%2Fwp%2Fv2%2Fcategories&post=1345"},{"taxonomy":"post_tag","embeddable":true,"href":"https:\/\/eskigazeteci.com\/index.php?rest_route=%2Fwp%2Fv2%2Ftags&post=1345"}],"curies":[{"name":"wp","href":"https:\/\/api.w.org\/{rel}","templated":true}]}}