{"id":1343,"date":"2026-02-12T07:51:22","date_gmt":"2026-02-12T07:51:22","guid":{"rendered":"https:\/\/eskigazeteci.com\/?p=1343"},"modified":"2026-02-12T07:51:22","modified_gmt":"2026-02-12T07:51:22","slug":"belediye-baskani-tacizden-tutuklandi","status":"publish","type":"post","link":"https:\/\/eskigazeteci.com\/?p=1343","title":{"rendered":"Belediye Ba\u015fkan\u0131 tacizden tutukland\u0131"},"content":{"rendered":"<p>Cumhuriyet savc\u0131l\u0131\u011f\u0131 taraf\u0131ndan Dede\u2019nin ifadesi al\u0131nd\u0131. Tutuklama talebiyle n\u00f6bet\u00e7i sulh ceza h\u00e2kimli\u011fine sevk edilen Dede, yurtd\u0131\u015f\u0131na \u00e7\u0131k\u0131\u015f yasa\u011f\u0131 uygulan\u0131p adli kontrol \u015fart\u0131yla serbest b\u0131rak\u0131ld\u0131. Savc\u0131l\u0131\u011f\u0131n itiraz\u0131 \u00fczerine Dede, \u00f6nceki g\u00fcn yeniden ifade vermesi i\u00e7in adliyeye \u00e7a\u011fr\u0131ld\u0131. \u00c7a\u011fr\u0131 \u00fczerine adliyeye giden Dede, savc\u0131l\u0131kta ifade verdi. Dede, ifadesinin ard\u0131ndan sevk edildi\u011fi n\u00f6bet\u00e7i h\u00e2kimlik\u00e7e T\u00fcrk Ceza Kanunu\u2019nun 105\u2019inci maddesinden tutukland\u0131. Adliye \u00f6n\u00fcnde geni\u015f g\u00fcvenlik \u00f6nlemleri al\u0131n\u0131rken, Dede\u2019nin adliyenin arka kap\u0131s\u0131ndan \u00e7\u0131kar\u0131ld\u0131\u011f\u0131 \u00f6\u011frenildi. Sa\u011fl\u0131k kontrol\u00fc i\u00e7in hastaneye g\u00f6t\u00fcr\u00fclen Dede, i\u015flemlerinin ard\u0131ndan Espiye L Tipi Kapal\u0131 Ceza \u0130nfaz Kurumu\u2019na teslim edildi.<\/p>\n<p>T\u00fcrk Ceza Kanunu\u2019nun 105. maddesi gere\u011fince, cinsel taciz su\u00e7unu i\u015fleyenler ma\u011fdurun \u015fik\u00e2yeti \u00fczerine \u00fc\u00e7 aydan iki y\u0131la kadar hapis veya adl\u00ee para cezas\u0131 ile cezaland\u0131r\u0131l\u0131rken, fiilin \u00e7ocu\u011fa kar\u015f\u0131 i\u015flenmesi durumunda hapis cezas\u0131 alt\u0131 aydan \u00fc\u00e7 y\u0131la kadar \u00e7\u0131kmaktad\u0131r.<\/p>\n<p>Ba\u015fkan Hasbi Dede, tutuklanmadan \u00f6nce sosyal medya hesab\u0131ndan \u201cBilmenizi istiyorum ki ben de bu olay\u0131n ma\u011fdurlar\u0131ndan biriyim\u201d dedi.<\/p>\n<p>T\u00fcrkiye g\u00fcndeminden son dakika haberleri, bug\u00fcn ya\u015fanan en son geli\u015fmeler, siyaset g\u00fcndeminden&#8230;<\/p>\n","protected":false},"excerpt":{"rendered":"<p>G\u0130RESUN\u2019da G\u00f6rele Belediye Ba\u015fkan\u0131 Hasbi Dede, iddiaya g\u00f6re, ya\u015f\u0131 18\u2019den k\u00fc\u00e7\u00fck bir k\u0131zla sanal medyadaki bir yaz\u0131\u015fma nedeniyle yap\u0131lan \u015fik\u00e2yet \u00fczerine&#8230;<\/p>\n","protected":false},"author":2,"featured_media":1342,"comment_status":"open","ping_status":"open","sticky":false,"template":"","format":"standard","meta":{"footnotes":""},"categories":[8,6,5],"tags":[],"class_list":["post-1343","post","type-post","status-publish","format-standard","has-post-thumbnail","hentry","category-arsiv","category-gundem","category-son-dakika"],"_links":{"self":[{"href":"https:\/\/eskigazeteci.com\/index.php?rest_route=\/wp\/v2\/posts\/1343","targetHints":{"allow":["GET"]}}],"collection":[{"href":"https:\/\/eskigazeteci.com\/index.php?rest_route=\/wp\/v2\/posts"}],"about":[{"href":"https:\/\/eskigazeteci.com\/index.php?rest_route=\/wp\/v2\/types\/post"}],"author":[{"embeddable":true,"href":"https:\/\/eskigazeteci.com\/index.php?rest_route=\/wp\/v2\/users\/2"}],"replies":[{"embeddable":true,"href":"https:\/\/eskigazeteci.com\/index.php?rest_route=%2Fwp%2Fv2%2Fcomments&post=1343"}],"version-history":[{"count":0,"href":"https:\/\/eskigazeteci.com\/index.php?rest_route=\/wp\/v2\/posts\/1343\/revisions"}],"wp:featuredmedia":[{"embeddable":true,"href":"https:\/\/eskigazeteci.com\/index.php?rest_route=\/wp\/v2\/media\/1342"}],"wp:attachment":[{"href":"https:\/\/eskigazeteci.com\/index.php?rest_route=%2Fwp%2Fv2%2Fmedia&parent=1343"}],"wp:term":[{"taxonomy":"category","embeddable":true,"href":"https:\/\/eskigazeteci.com\/index.php?rest_route=%2Fwp%2Fv2%2Fcategories&post=1343"},{"taxonomy":"post_tag","embeddable":true,"href":"https:\/\/eskigazeteci.com\/index.php?rest_route=%2Fwp%2Fv2%2Ftags&post=1343"}],"curies":[{"name":"wp","href":"https:\/\/api.w.org\/{rel}","templated":true}]}}