{"id":1341,"date":"2026-02-12T07:49:51","date_gmt":"2026-02-12T07:49:51","guid":{"rendered":"https:\/\/eskigazeteci.com\/?p=1341"},"modified":"2026-02-12T07:49:51","modified_gmt":"2026-02-12T07:49:51","slug":"micotakis-bestepede-meseleler-cozumsuz-degil","status":"publish","type":"post","link":"https:\/\/eskigazeteci.com\/?p=1341","title":{"rendered":"Mi\u00e7otakis Be\u015ftepe\u2019de&#8230; Meseleler \u00e7\u00f6z\u00fcms\u00fcz de\u011fil"},"content":{"rendered":"<p>CUMHURBA\u015eKANI Tayyip Erdo\u011fan , Yunanistan Ba\u015fbakan\u0131 Mi\u00e7otakis ile Be\u015ftepe\u2019de d\u00fczenledi\u011fi ortak bas\u0131n toplant\u0131s\u0131nda \u015funlar\u0131 s\u00f6yledi: \u201cPozitif g\u00fcndem maddeleri \u00fczerinden ili\u015fkilerimizi nas\u0131l ileriye ta\u015f\u0131yabilece\u011fimizi etrafl\u0131ca de\u011ferlendirdik. \u00dcst d\u00fczey temaslar\u0131n bu manada bizlere elveri\u015fli bir zemin sundu\u011funu g\u00f6r\u00fcyoruz. Biraz \u00f6nce kabul etti\u011fimiz belgelerin ili\u015fkilerimizin ahdi zeminini daha da peki\u015ftirmesini temenni ediyoruz. Ge\u00e7ti\u011fimiz y\u0131l yakla\u015f\u0131k 7 milyar dolara ula\u015fan ikili ticaretimizi 10 milyar dolara \u00e7\u0131karma hedefimiz do\u011frultusunda \u00e7al\u0131\u015fmaya devam ediyoruz.<\/p>\n<p>DOSTUM K\u0130RYAKOS<\/p>\n<p>Say\u0131n Ba\u015fbakan\u2019la g\u00f6r\u00fc\u015fmemizde Ege ve Do\u011fu Akdeniz\u2019e ili\u015fkin tutumlar\u0131m\u0131z\u0131 bir kez daha samimi \u015fekilde ele ald\u0131k. Biz bu hususta ge\u00e7mi\u015ften bu yana \u015funu savunuyoruz; mevcut meseleler \u00e7etrefilli olmakla birlikte uluslararas\u0131 hukuk temelinde \u00e7\u00f6z\u00fcms\u00fcz de de\u011fildir. Yeter ki iyi niyet, yap\u0131c\u0131 diyalog ve \u00e7\u00f6z\u00fcm iradesi olsun. De\u011ferli dostum Kiryakos ile bu konuda hem fikir oldu\u011fumuzu memnuniyetle g\u00f6rd\u00fcm. \u0130li\u015fkilerimizin di\u011fer t\u00fcm alanlar\u0131nda 2023 y\u0131l\u0131ndan bu yana sa\u011flad\u0131\u011f\u0131m\u0131z ivme gibi birbiriyle ba\u011flant\u0131l\u0131 sorunlar\u0131n \u00e7\u00f6z\u00fcm\u00fc noktas\u0131nda da ilerleme kaydedilebilece\u011fine inan\u0131yorum.<\/p>\n<p>AVRUPA SAVUNMASI<\/p>\n<p>Bug\u00fcn&#8230;<\/p>\n","protected":false},"excerpt":{"rendered":"<p>Cumhurba\u015fkan\u0131 Tayyip Erdo\u011fan, Yunanistan Ba\u015fbakan\u0131 Kiryakos Mi\u00e7otakis ile g\u00f6r\u00fc\u015fmesinde Ege ve Do\u011fu Akdeniz\u2019e ili\u015fkin T\u00fcrkiye\u2019nin tutumunu bir kez daha \u201ca\u00e7\u0131k&#8230;<\/p>\n","protected":false},"author":2,"featured_media":1340,"comment_status":"open","ping_status":"open","sticky":false,"template":"","format":"standard","meta":{"footnotes":""},"categories":[8,6,5],"tags":[],"class_list":["post-1341","post","type-post","status-publish","format-standard","has-post-thumbnail","hentry","category-arsiv","category-gundem","category-son-dakika"],"_links":{"self":[{"href":"https:\/\/eskigazeteci.com\/index.php?rest_route=\/wp\/v2\/posts\/1341","targetHints":{"allow":["GET"]}}],"collection":[{"href":"https:\/\/eskigazeteci.com\/index.php?rest_route=\/wp\/v2\/posts"}],"about":[{"href":"https:\/\/eskigazeteci.com\/index.php?rest_route=\/wp\/v2\/types\/post"}],"author":[{"embeddable":true,"href":"https:\/\/eskigazeteci.com\/index.php?rest_route=\/wp\/v2\/users\/2"}],"replies":[{"embeddable":true,"href":"https:\/\/eskigazeteci.com\/index.php?rest_route=%2Fwp%2Fv2%2Fcomments&post=1341"}],"version-history":[{"count":0,"href":"https:\/\/eskigazeteci.com\/index.php?rest_route=\/wp\/v2\/posts\/1341\/revisions"}],"wp:featuredmedia":[{"embeddable":true,"href":"https:\/\/eskigazeteci.com\/index.php?rest_route=\/wp\/v2\/media\/1340"}],"wp:attachment":[{"href":"https:\/\/eskigazeteci.com\/index.php?rest_route=%2Fwp%2Fv2%2Fmedia&parent=1341"}],"wp:term":[{"taxonomy":"category","embeddable":true,"href":"https:\/\/eskigazeteci.com\/index.php?rest_route=%2Fwp%2Fv2%2Fcategories&post=1341"},{"taxonomy":"post_tag","embeddable":true,"href":"https:\/\/eskigazeteci.com\/index.php?rest_route=%2Fwp%2Fv2%2Ftags&post=1341"}],"curies":[{"name":"wp","href":"https:\/\/api.w.org\/{rel}","templated":true}]}}