{"id":1339,"date":"2026-02-12T07:48:20","date_gmt":"2026-02-12T07:48:20","guid":{"rendered":"https:\/\/eskigazeteci.com\/?p=1339"},"modified":"2026-02-12T07:48:20","modified_gmt":"2026-02-12T07:48:20","slug":"dervisoglu-siyasi-yon-resmilesti","status":"publish","type":"post","link":"https:\/\/eskigazeteci.com\/?p=1339","title":{"rendered":"Dervi\u015fo\u011flu: Siyasi y\u00f6n resmile\u015fti"},"content":{"rendered":"<p>Dervi\u015fo\u011flu, partisinin grup toplant\u0131s\u0131nda yapt\u0131\u011f\u0131 konu\u015fmada \u015funlar\u0131 aktard\u0131:<\/p>\n","protected":false},"excerpt":{"rendered":"<p>Genel Ba\u015fkan\u0131 M\u00fcsavat Dervi\u015fo\u011flu, kabine de\u011fi\u015fimine ili\u015fkin olarak, &#8216;Ana muhalefet partisine y\u00f6nelik en b\u00fcy\u00fck hukuki s\u00fcre\u00e7leri y\u00f6neten bir ismin&#8230;<\/p>\n","protected":false},"author":2,"featured_media":1338,"comment_status":"open","ping_status":"open","sticky":false,"template":"","format":"standard","meta":{"footnotes":""},"categories":[8,6,5],"tags":[],"class_list":["post-1339","post","type-post","status-publish","format-standard","has-post-thumbnail","hentry","category-arsiv","category-gundem","category-son-dakika"],"_links":{"self":[{"href":"https:\/\/eskigazeteci.com\/index.php?rest_route=\/wp\/v2\/posts\/1339","targetHints":{"allow":["GET"]}}],"collection":[{"href":"https:\/\/eskigazeteci.com\/index.php?rest_route=\/wp\/v2\/posts"}],"about":[{"href":"https:\/\/eskigazeteci.com\/index.php?rest_route=\/wp\/v2\/types\/post"}],"author":[{"embeddable":true,"href":"https:\/\/eskigazeteci.com\/index.php?rest_route=\/wp\/v2\/users\/2"}],"replies":[{"embeddable":true,"href":"https:\/\/eskigazeteci.com\/index.php?rest_route=%2Fwp%2Fv2%2Fcomments&post=1339"}],"version-history":[{"count":0,"href":"https:\/\/eskigazeteci.com\/index.php?rest_route=\/wp\/v2\/posts\/1339\/revisions"}],"wp:featuredmedia":[{"embeddable":true,"href":"https:\/\/eskigazeteci.com\/index.php?rest_route=\/wp\/v2\/media\/1338"}],"wp:attachment":[{"href":"https:\/\/eskigazeteci.com\/index.php?rest_route=%2Fwp%2Fv2%2Fmedia&parent=1339"}],"wp:term":[{"taxonomy":"category","embeddable":true,"href":"https:\/\/eskigazeteci.com\/index.php?rest_route=%2Fwp%2Fv2%2Fcategories&post=1339"},{"taxonomy":"post_tag","embeddable":true,"href":"https:\/\/eskigazeteci.com\/index.php?rest_route=%2Fwp%2Fv2%2Ftags&post=1339"}],"curies":[{"name":"wp","href":"https:\/\/api.w.org\/{rel}","templated":true}]}}