{"id":1335,"date":"2026-02-12T07:45:18","date_gmt":"2026-02-12T07:45:18","guid":{"rendered":"https:\/\/eskigazeteci.com\/?p=1335"},"modified":"2026-02-12T07:45:18","modified_gmt":"2026-02-12T07:45:18","slug":"istanbul-ramazanda-isil-isil-olacak","status":"publish","type":"post","link":"https:\/\/eskigazeteci.com\/?p=1335","title":{"rendered":"\u0130stanbul ramazanda \u0131\u015f\u0131l \u0131\u015f\u0131l olacak"},"content":{"rendered":"<p>\u0130STANBUL Valili\u011fi, 18 \u015eubat 2026 \u00c7ar\u015famba g\u00fcn\u00fc k\u0131l\u0131nacak ilk teravih namaz\u0131 ile ba\u015flayacak Ramazan ay\u0131n\u0131n ruhuna uygun, vatanda\u015flar\u0131n huzur, karde\u015flik, birlik ve beraberli\u011fine uygun \u015fekilde ger\u00e7ekle\u015fmesi i\u00e7in, kaymakaml\u0131klar, \u0130stanbul B\u00fcy\u00fck\u015fehir Belediyesi ile il\u00e7e belediyeleri ve t\u00fcm kamu kurumlar\u0131na g\u00f6nderdi\u011fi yaz\u0131yla, kurum ve kurulu\u015flar aras\u0131nda koordinasyon sa\u011flanarak, \u0130stanbul\u2019un Ramazan\u2019a haz\u0131rlanmas\u0131 talimat\u0131n\u0131 verdi.<\/p>\n<p>TOPLU \u0130FTARLARA AYAR<\/p>\n<p>\u0130stanbul Valisi Davut G\u00fcl imzas\u0131yla g\u00f6nderilen ve Ramazan ay\u0131n\u0131n \u00f6nemine dikkat \u00e7ekilen yaz\u0131da, \u0130stanbul genelinde yap\u0131lacak faaliyet ve programlar \u015f\u00f6yle s\u0131raland\u0131:<\/p>\n<p>&#8211; Ramazan boyunca, tarihi binalarda, binan\u0131n tarihsel dokusuna zarar vermeyecek bi\u00e7imde \u0131\u015f\u0131kland\u0131rma ve d\u0131\u015f cephe ayd\u0131nlatmalar\u0131 gece boyunca a\u00e7\u0131k bulundurulacak.<\/p>\n<p>&#8211; Yeni binalar ile di\u011fer elveri\u015fli yap\u0131larda Ramazan temal\u0131 s\u00fcslemelerle \u0131\u015f\u0131kland\u0131rma yap\u0131lacak.<\/p>\n<p>&#8211; Meydanlar, ana arterler, al\u0131\u015fveri\u015f merkezleri ( AVM ), cadde ve sokaklar, k\u00f6pr\u00fc, kule gibi sembol yap\u0131lar ile kamuya a\u00e7\u0131k alanlarda, camiler ve \u00e7evrelerinde geleneksel uygulamalara uygun \u015fekilde, \u00e7evre esteti\u011fi g\u00f6zetilerek hilal, y\u0131ld\u0131z temal\u0131 s\u00fcslemelerle \u0131\u015f\u0131kland\u0131r\u0131lacak.<\/p>\n<p>Ayr\u0131ca, Valilik taraf\u0131ndan 39 il\u00e7e&#8230;<\/p>\n","protected":false},"excerpt":{"rendered":"<p>\u0130stanbul bu y\u0131l Ramazan ay\u0131n\u0131 farkl\u0131 kar\u015f\u0131layacak. Kent genelinde tarihi binalar, meydanlar, AVM\u2019ler, cadde ve sokaklar ile \u0130stanbul\u2019un sembol yap\u0131lar\u0131&#8230;<\/p>\n","protected":false},"author":2,"featured_media":1334,"comment_status":"open","ping_status":"open","sticky":false,"template":"","format":"standard","meta":{"footnotes":""},"categories":[8,6,5],"tags":[],"class_list":["post-1335","post","type-post","status-publish","format-standard","has-post-thumbnail","hentry","category-arsiv","category-gundem","category-son-dakika"],"_links":{"self":[{"href":"https:\/\/eskigazeteci.com\/index.php?rest_route=\/wp\/v2\/posts\/1335","targetHints":{"allow":["GET"]}}],"collection":[{"href":"https:\/\/eskigazeteci.com\/index.php?rest_route=\/wp\/v2\/posts"}],"about":[{"href":"https:\/\/eskigazeteci.com\/index.php?rest_route=\/wp\/v2\/types\/post"}],"author":[{"embeddable":true,"href":"https:\/\/eskigazeteci.com\/index.php?rest_route=\/wp\/v2\/users\/2"}],"replies":[{"embeddable":true,"href":"https:\/\/eskigazeteci.com\/index.php?rest_route=%2Fwp%2Fv2%2Fcomments&post=1335"}],"version-history":[{"count":0,"href":"https:\/\/eskigazeteci.com\/index.php?rest_route=\/wp\/v2\/posts\/1335\/revisions"}],"wp:featuredmedia":[{"embeddable":true,"href":"https:\/\/eskigazeteci.com\/index.php?rest_route=\/wp\/v2\/media\/1334"}],"wp:attachment":[{"href":"https:\/\/eskigazeteci.com\/index.php?rest_route=%2Fwp%2Fv2%2Fmedia&parent=1335"}],"wp:term":[{"taxonomy":"category","embeddable":true,"href":"https:\/\/eskigazeteci.com\/index.php?rest_route=%2Fwp%2Fv2%2Fcategories&post=1335"},{"taxonomy":"post_tag","embeddable":true,"href":"https:\/\/eskigazeteci.com\/index.php?rest_route=%2Fwp%2Fv2%2Ftags&post=1335"}],"curies":[{"name":"wp","href":"https:\/\/api.w.org\/{rel}","templated":true}]}}