{"id":1331,"date":"2026-02-12T07:42:14","date_gmt":"2026-02-12T07:42:14","guid":{"rendered":"https:\/\/eskigazeteci.com\/?p=1331"},"modified":"2026-02-12T07:42:14","modified_gmt":"2026-02-12T07:42:14","slug":"polis-lincine-piskin-savunma-tuvturk-calisanlarinin-saldirisina-ugramisti","status":"publish","type":"post","link":"https:\/\/eskigazeteci.com\/?p=1331","title":{"rendered":"Polis lin\u00e7ine pi\u015fkin savunma&#8230; T\u00dcVT\u00dcRK \u00e7al\u0131\u015fanlar\u0131n\u0131n sald\u0131r\u0131s\u0131na u\u011fram\u0131\u015ft\u0131"},"content":{"rendered":"<p>Polis memuru Melih Okan Keskin (44), 2 \u015eubat g\u00fcn\u00fc arac\u0131n\u0131 rutin muayeneden ge\u00e7irmek i\u00e7in T\u00dcVT\u00dcRK ara\u00e7 muayene istasyonuna gitti. Keskin ile kurum \u00e7al\u0131\u015fanlar\u0131 aras\u0131nda ba\u015flayan s\u00f6zl\u00fc tart\u0131\u015fma k\u0131sa s\u00fcrede kavgaya d\u00f6n\u00fc\u015ft\u00fc. Keskin, kurum \u00e7al\u0131\u015fanlar\u0131 taraf\u0131ndan darp edildi. Keskin, 5 \u015eubat g\u00fcn\u00fc hayat\u0131n\u0131 kaybetti. Olayla ilgili olarak Ankara Cumhuriyet Ba\u015fsavc\u0131l\u0131\u011f\u0131 taraf\u0131ndan ba\u015flat\u0131lan soru\u015fturma kapsam\u0131nda, T\u00dcVT\u00dcRK \u00e7al\u0131\u015fan\u0131 2 \u015f\u00fcpheli tutuklan\u0131rken 1 \u015f\u00fcpheli ise adli kontrol karar\u0131yla serbest kald\u0131. Detayl\u0131 s\u00fcrd\u00fcr\u00fclen soru\u015fturma kapsam\u0131nda savc\u0131l\u0131k, Keskin\u2019in kesin \u00f6l\u00fcm nedeninin belirlenmesi i\u00e7in Adli T\u0131p Kurumu\u2019ndan rapor istedi.<\/p>\n<p>\u2018ARA\u00c7 ESNEM\u0130\u015e OLAB\u0130L\u0130R\u2019<\/p>\n<p>\u015e\u00fcphelilerin, emniyet ve savc\u0131l\u0131kta yapt\u0131\u011f\u0131 savunmalar dikkat \u00e7ekti. Olaya ili\u015fkin g\u00f6r\u00fcnt\u00fclerde Keskin\u2019in \u00fczerine ara\u00e7 s\u00fcren ve yumruk att\u0131\u011f\u0131 g\u00f6r\u00fclen tutuklu \u015f\u00fcpheli Saruhan Atasoy, 3 \u015eubat tarihli ifadesinde ilgin\u00e7 iddialarda bulundu. Atasoy, Keskin\u2019in kurum \u00e7al\u0131\u015fanlar\u0131yla tart\u0131\u015ft\u0131\u011f\u0131n\u0131 g\u00f6rd\u00fc\u011f\u00fcn\u00fc, kendisinin ise bu esnada ba\u015fka bir vatanda\u015f\u0131n arac\u0131n\u0131 istasyondan \u00e7\u0131kard\u0131\u011f\u0131n\u0131 anlatarak \u201cBa\u015fka bir m\u00fc\u015fterinin arac\u0131n\u0131 istasyondan \u00e7\u0131kard\u0131\u011f\u0131m s\u0131rada Keskin isimli \u015fah\u0131s kanal\u0131n d\u0131\u015f\u0131nda telefonla konu\u015fuyordu. Ben 2-3 defa kornaya bast\u0131m&#8230;.<\/p>\n","protected":false},"excerpt":{"rendered":"<p>T\u00dcVT\u00dcRK muayene istasyonunda polis memuru Melih Okan Keskin\u2019i d\u00f6verek \u00f6ld\u00fcrmekle su\u00e7lanan \u015f\u00fcphelilerin ifadeleri ortaya \u00e7\u0131kt\u0131. Keskin\u2019in \u00fczerine ara\u00e7 s\u00fcren&#8230;<\/p>\n","protected":false},"author":2,"featured_media":1330,"comment_status":"open","ping_status":"open","sticky":false,"template":"","format":"standard","meta":{"footnotes":""},"categories":[8,6,5],"tags":[],"class_list":["post-1331","post","type-post","status-publish","format-standard","has-post-thumbnail","hentry","category-arsiv","category-gundem","category-son-dakika"],"_links":{"self":[{"href":"https:\/\/eskigazeteci.com\/index.php?rest_route=\/wp\/v2\/posts\/1331","targetHints":{"allow":["GET"]}}],"collection":[{"href":"https:\/\/eskigazeteci.com\/index.php?rest_route=\/wp\/v2\/posts"}],"about":[{"href":"https:\/\/eskigazeteci.com\/index.php?rest_route=\/wp\/v2\/types\/post"}],"author":[{"embeddable":true,"href":"https:\/\/eskigazeteci.com\/index.php?rest_route=\/wp\/v2\/users\/2"}],"replies":[{"embeddable":true,"href":"https:\/\/eskigazeteci.com\/index.php?rest_route=%2Fwp%2Fv2%2Fcomments&post=1331"}],"version-history":[{"count":0,"href":"https:\/\/eskigazeteci.com\/index.php?rest_route=\/wp\/v2\/posts\/1331\/revisions"}],"wp:featuredmedia":[{"embeddable":true,"href":"https:\/\/eskigazeteci.com\/index.php?rest_route=\/wp\/v2\/media\/1330"}],"wp:attachment":[{"href":"https:\/\/eskigazeteci.com\/index.php?rest_route=%2Fwp%2Fv2%2Fmedia&parent=1331"}],"wp:term":[{"taxonomy":"category","embeddable":true,"href":"https:\/\/eskigazeteci.com\/index.php?rest_route=%2Fwp%2Fv2%2Fcategories&post=1331"},{"taxonomy":"post_tag","embeddable":true,"href":"https:\/\/eskigazeteci.com\/index.php?rest_route=%2Fwp%2Fv2%2Ftags&post=1331"}],"curies":[{"name":"wp","href":"https:\/\/api.w.org\/{rel}","templated":true}]}}