{"id":1329,"date":"2026-02-12T07:40:42","date_gmt":"2026-02-12T07:40:42","guid":{"rendered":"https:\/\/eskigazeteci.com\/?p=1329"},"modified":"2026-02-12T07:40:42","modified_gmt":"2026-02-12T07:40:42","slug":"bagcilarda-4-kattaki-is-yerinde-yangin-cikti","status":"publish","type":"post","link":"https:\/\/eskigazeteci.com\/?p=1329","title":{"rendered":"Ba\u011fc\u0131lar\u2019da 4. kattaki i\u015f yerinde yang\u0131n \u00e7\u0131kt\u0131"},"content":{"rendered":"<p>Yang\u0131n, saat 00.00 s\u0131ralar\u0131nda Ba\u011fc\u0131lar , 15 Temmuz Mahallesi 1481 Sokak\u2019ta meydana geldi. Edinilen bilgiye g\u00f6re, 4 katl\u0131 binan\u0131n en \u00fcst kat\u0131nda ka\u011f\u0131t bardak imalat\u0131 yapan i\u015f yerinin elektrik konta\u011f\u0131ndan yang\u0131n \u00e7\u0131kt\u0131. \u00c7\u0131kan yang\u0131n giderek b\u00fcy\u00fcyerek t\u00fcm kat\u0131 sard\u0131.<\/p>\n<p>\u00c7evredeki vatanda\u015flar\u0131n ihbar\u0131 \u00fczerine olay yerine polis ve \u00e7ok say\u0131da itfaiye ekipleri sevk edildi. Ekiplerin 2 saatlik \u00e7al\u0131\u015fmas\u0131n\u0131n ard\u0131ndan yang\u0131n so\u011futma \u00e7al\u0131\u015fmas\u0131 yap\u0131larak s\u00f6nd\u00fcr\u00fcld\u00fc. \u00c7\u0131kan yang\u0131nda \u00f6len ya da yaralanan olmad\u0131.<\/p>\n<p>Polis \u00e7\u0131kan yang\u0131nla ilgili inceleme ba\u015flatt\u0131.<\/p>\n<p>T\u00fcrkiye g\u00fcndeminden son dakika haberleri, bug\u00fcn ya\u015fanan en son geli\u015fmeler, siyaset g\u00fcndeminden g\u00fcncel haberler ve b\u00fct\u00fcn son dakika haberleri i\u00e7in H\u00fcrriyet&#x27;in internet haber sitesi hurriyet.com.tr; Hurriyet.com.tr haber i\u00e7erikleri kaynak g\u00f6sterilmeden al\u0131nt\u0131 yap\u0131lamaz, Kanuna ayk\u0131r\u0131 ve izinsiz olarak kopyalanamaz, ba\u015fka yerde yay\u0131nlanamaz.<\/p>\n","protected":false},"excerpt":{"rendered":"<p>Ba\u011fc\u0131lar\u2019da 4 katl\u0131 bir binan\u0131n en \u00fcst kat\u0131ndaki, ka\u011f\u0131t bardak imalat\u0131 yapan i\u015f yerinde yang\u0131n \u00e7\u0131kt\u0131. \u0130tfaiye ekipleri yo\u011fun s\u00f6nd\u00fcrme \u00e7al\u0131\u015fmas\u0131&#8230;<\/p>\n","protected":false},"author":2,"featured_media":1328,"comment_status":"open","ping_status":"open","sticky":false,"template":"","format":"standard","meta":{"footnotes":""},"categories":[8,6,5],"tags":[],"class_list":["post-1329","post","type-post","status-publish","format-standard","has-post-thumbnail","hentry","category-arsiv","category-gundem","category-son-dakika"],"_links":{"self":[{"href":"https:\/\/eskigazeteci.com\/index.php?rest_route=\/wp\/v2\/posts\/1329","targetHints":{"allow":["GET"]}}],"collection":[{"href":"https:\/\/eskigazeteci.com\/index.php?rest_route=\/wp\/v2\/posts"}],"about":[{"href":"https:\/\/eskigazeteci.com\/index.php?rest_route=\/wp\/v2\/types\/post"}],"author":[{"embeddable":true,"href":"https:\/\/eskigazeteci.com\/index.php?rest_route=\/wp\/v2\/users\/2"}],"replies":[{"embeddable":true,"href":"https:\/\/eskigazeteci.com\/index.php?rest_route=%2Fwp%2Fv2%2Fcomments&post=1329"}],"version-history":[{"count":0,"href":"https:\/\/eskigazeteci.com\/index.php?rest_route=\/wp\/v2\/posts\/1329\/revisions"}],"wp:featuredmedia":[{"embeddable":true,"href":"https:\/\/eskigazeteci.com\/index.php?rest_route=\/wp\/v2\/media\/1328"}],"wp:attachment":[{"href":"https:\/\/eskigazeteci.com\/index.php?rest_route=%2Fwp%2Fv2%2Fmedia&parent=1329"}],"wp:term":[{"taxonomy":"category","embeddable":true,"href":"https:\/\/eskigazeteci.com\/index.php?rest_route=%2Fwp%2Fv2%2Fcategories&post=1329"},{"taxonomy":"post_tag","embeddable":true,"href":"https:\/\/eskigazeteci.com\/index.php?rest_route=%2Fwp%2Fv2%2Ftags&post=1329"}],"curies":[{"name":"wp","href":"https:\/\/api.w.org\/{rel}","templated":true}]}}