{"id":1327,"date":"2026-02-12T07:39:11","date_gmt":"2026-02-12T07:39:11","guid":{"rendered":"https:\/\/eskigazeteci.com\/?p=1327"},"modified":"2026-02-12T07:39:11","modified_gmt":"2026-02-12T07:39:11","slug":"define-bulmak-icin-girdikleri-sarnicta-mahsur-kaldilar-4-saatte-kurtarildilar","status":"publish","type":"post","link":"https:\/\/eskigazeteci.com\/?p=1327","title":{"rendered":"Define bulmak i\u00e7in girdikleri sarn\u0131\u00e7ta mahsur kald\u0131lar! 4 saatte kurtar\u0131ld\u0131lar"},"content":{"rendered":"<p>Olay, ak\u015fam saatlerinde merkeze ba\u011fl\u0131 Maden\u015fehri k\u00f6y\u00fcn\u00fcn bulundu\u011fu Karada\u011f&#x27;\u0131n Karanl\u0131kdere mevkiinde meydana geldi. Edinilen bilgiye g\u00f6re, sit alan\u0131 olan b\u00f6lgede devriye g\u00f6revi yapan jandarma ekibi, sarn\u0131\u00e7 i\u00e7erisinde \u015fah\u0131slar oldu\u011funu fark etti. Bunun \u00fczerine sarn\u0131c\u0131 kontrol eden ekip, \u0130.K., E.E. ve N.\u015e. isimli \u015fah\u0131slar\u0131n define aramak amac\u0131yla girdikleri sarn\u0131\u00e7ta halat\u0131n kopmas\u0131 sonucu mahsur kald\u0131klar\u0131n\u0131 belirledi.<\/p>\n<p>&quot;4 SAATTE KURTARILDILAR&quot;<\/p>\n<p>\u015eah\u0131slar\u0131n mahsur kald\u0131klar\u0131 sarn\u0131\u00e7tan kurtar\u0131labilmesi i\u00e7in olay yerine AFAD ve Ulusal Medikal Kurtarma Ekibi (UMKE) sevk edilirken, tedbir ama\u00e7l\u0131 112 Acil Sa\u011fl\u0131k ekibi de b\u00f6lgeye y\u00f6nlendirildi. Yakla\u015f\u0131k 4 saat s\u00fcren koordineli \u00e7al\u0131\u015fma sonucu 3 ki\u015fi mahsur kald\u0131klar\u0131 sarn\u0131\u00e7tan halatlar yard\u0131m\u0131yla \u00e7\u0131kar\u0131ld\u0131. Haz\u0131r bekleyen ambulansta kontrolden ge\u00e7irilen \u015fah\u0131slar\u0131n sa\u011fl\u0131k durumlar\u0131n\u0131n iyi oldu\u011fu \u00f6\u011frenildi. Daha sonra \u015fah\u0131slar ifadeleri al\u0131nmak \u00fczere \u0130l Jandarma Komutanl\u0131\u011f\u0131&#x27;na g\u00f6t\u00fcr\u00fcld\u00fc.<\/p>\n<p>\u00d6te yandan kurtarma \u00e7al\u0131\u015fmalar\u0131n\u0131 \u0130l Jandarma Komutan\u0131 K\u0131demli Albay Osman Sayg\u0131l\u0131 ve AFAD Karaman \u0130l M\u00fcd\u00fcr\u00fc Cengiz \u00c7avu\u015f da takip etti.<\/p>\n<p>T\u00fcrkiye g\u00fcndeminden son dakika haberleri, bug\u00fcn ya\u015fanan en son geli\u015fmeler, siyaset g\u00fcndeminden g\u00fcncel haberler ve b\u00fct\u00fcn&#8230;<\/p>\n","protected":false},"excerpt":{"rendered":"<p>Karaman&#8217;da 3 ki\u015fi define bulmak amac\u0131yla girdikleri sarn\u0131\u00e7ta halat\u0131n kopmas\u0131 sonucu mahsur kald\u0131. 25 metre derinli\u011findeki sarn\u0131\u00e7ta mahsur kalan \u015fah\u0131slar,&#8230;<\/p>\n","protected":false},"author":2,"featured_media":1326,"comment_status":"open","ping_status":"open","sticky":false,"template":"","format":"standard","meta":{"footnotes":""},"categories":[8,6,5],"tags":[],"class_list":["post-1327","post","type-post","status-publish","format-standard","has-post-thumbnail","hentry","category-arsiv","category-gundem","category-son-dakika"],"_links":{"self":[{"href":"https:\/\/eskigazeteci.com\/index.php?rest_route=\/wp\/v2\/posts\/1327","targetHints":{"allow":["GET"]}}],"collection":[{"href":"https:\/\/eskigazeteci.com\/index.php?rest_route=\/wp\/v2\/posts"}],"about":[{"href":"https:\/\/eskigazeteci.com\/index.php?rest_route=\/wp\/v2\/types\/post"}],"author":[{"embeddable":true,"href":"https:\/\/eskigazeteci.com\/index.php?rest_route=\/wp\/v2\/users\/2"}],"replies":[{"embeddable":true,"href":"https:\/\/eskigazeteci.com\/index.php?rest_route=%2Fwp%2Fv2%2Fcomments&post=1327"}],"version-history":[{"count":0,"href":"https:\/\/eskigazeteci.com\/index.php?rest_route=\/wp\/v2\/posts\/1327\/revisions"}],"wp:featuredmedia":[{"embeddable":true,"href":"https:\/\/eskigazeteci.com\/index.php?rest_route=\/wp\/v2\/media\/1326"}],"wp:attachment":[{"href":"https:\/\/eskigazeteci.com\/index.php?rest_route=%2Fwp%2Fv2%2Fmedia&parent=1327"}],"wp:term":[{"taxonomy":"category","embeddable":true,"href":"https:\/\/eskigazeteci.com\/index.php?rest_route=%2Fwp%2Fv2%2Fcategories&post=1327"},{"taxonomy":"post_tag","embeddable":true,"href":"https:\/\/eskigazeteci.com\/index.php?rest_route=%2Fwp%2Fv2%2Ftags&post=1327"}],"curies":[{"name":"wp","href":"https:\/\/api.w.org\/{rel}","templated":true}]}}