{"id":1325,"date":"2026-02-12T07:37:39","date_gmt":"2026-02-12T07:37:39","guid":{"rendered":"https:\/\/eskigazeteci.com\/?p=1325"},"modified":"2026-02-12T07:37:39","modified_gmt":"2026-02-12T07:37:39","slug":"gorele-belediye-baskanligina-gecici-baskan-adayi-degistirilmistir","status":"publish","type":"post","link":"https:\/\/eskigazeteci.com\/?p=1325","title":{"rendered":"G\u00f6rele Belediye Ba\u015fkanl\u0131\u011f\u0131na Ge\u00e7ici Ba\u015fkan Aday\u0131 De\u011fi\u015ftirilmi\u015ftir"},"content":{"rendered":"<p>Giresun&#x27;da tutuklanan CHP&#x27;li G\u00f6rele Belediye Ba\u015fkan\u0131 Hasbi Dede&#x27;nin g\u00f6revini meclis \u00fcyesi H\u00fcseyin \u00c7ak\u0131c\u0131 taraf\u0131ndan devretildi. \u00c7ak\u0131c\u0131, 2019 y\u0131l\u0131ndaki ba\u015fbakanl\u0131k se\u00e7menli\u011fi ile ilgili bir sorunun \u00e7\u00f6z\u00fcm\u00fcne katk\u0131da bulunmakla g\u00f6rev al\u0131nd\u0131. \u00c7ak\u0131c\u0131&#x27;n\u0131n ge\u00e7ici g\u00f6revi, mevcut bakanl\u0131k yap\u0131s\u0131nda yeni bir d\u00f6nemine i\u015faret eden bir durum olarak kabul edildi. Bu \u015fekilde, tutuklanan g\u00f6revlere daha kapsaml\u0131 ve do\u011fru bir y\u00f6netimi sunma \u015fans\u0131 artt\u0131rm\u0131\u015ft\u0131r.<\/p>\n","protected":false},"excerpt":{"rendered":"<p>Tutuklanan G\u00f6rele Belediye Ba\u015fkan\u0131 Hasbi Dede, H\u00fcseyin \u00c7ak\u0131c\u0131&#8217;n\u0131n yerine ge\u00e7ici ba\u015fkan olarak g\u00f6revlendirildi.<\/p>\n","protected":false},"author":2,"featured_media":1324,"comment_status":"open","ping_status":"open","sticky":false,"template":"","format":"standard","meta":{"footnotes":""},"categories":[8,6,5],"tags":[],"class_list":["post-1325","post","type-post","status-publish","format-standard","has-post-thumbnail","hentry","category-arsiv","category-gundem","category-son-dakika"],"_links":{"self":[{"href":"https:\/\/eskigazeteci.com\/index.php?rest_route=\/wp\/v2\/posts\/1325","targetHints":{"allow":["GET"]}}],"collection":[{"href":"https:\/\/eskigazeteci.com\/index.php?rest_route=\/wp\/v2\/posts"}],"about":[{"href":"https:\/\/eskigazeteci.com\/index.php?rest_route=\/wp\/v2\/types\/post"}],"author":[{"embeddable":true,"href":"https:\/\/eskigazeteci.com\/index.php?rest_route=\/wp\/v2\/users\/2"}],"replies":[{"embeddable":true,"href":"https:\/\/eskigazeteci.com\/index.php?rest_route=%2Fwp%2Fv2%2Fcomments&post=1325"}],"version-history":[{"count":0,"href":"https:\/\/eskigazeteci.com\/index.php?rest_route=\/wp\/v2\/posts\/1325\/revisions"}],"wp:featuredmedia":[{"embeddable":true,"href":"https:\/\/eskigazeteci.com\/index.php?rest_route=\/wp\/v2\/media\/1324"}],"wp:attachment":[{"href":"https:\/\/eskigazeteci.com\/index.php?rest_route=%2Fwp%2Fv2%2Fmedia&parent=1325"}],"wp:term":[{"taxonomy":"category","embeddable":true,"href":"https:\/\/eskigazeteci.com\/index.php?rest_route=%2Fwp%2Fv2%2Fcategories&post=1325"},{"taxonomy":"post_tag","embeddable":true,"href":"https:\/\/eskigazeteci.com\/index.php?rest_route=%2Fwp%2Fv2%2Ftags&post=1325"}],"curies":[{"name":"wp","href":"https:\/\/api.w.org\/{rel}","templated":true}]}}