{"id":1323,"date":"2026-02-12T07:36:13","date_gmt":"2026-02-12T07:36:13","guid":{"rendered":"https:\/\/eskigazeteci.com\/?p=1323"},"modified":"2026-02-12T07:36:13","modified_gmt":"2026-02-12T07:36:13","slug":"eyupsultanda-kuyumcuya-soygun-girisimi","status":"publish","type":"post","link":"https:\/\/eskigazeteci.com\/?p=1323","title":{"rendered":"Ey\u00fcpsultan&#8217;da kuyumcuya soygun giri\u015fimi"},"content":{"rendered":"<p>Olay, saat 11.30 s\u0131ralar\u0131nda Ye\u015filp\u0131nar Mahallesi Girne Caddesi&#x27;nde bulunan bir kuyumcuda meydana geldi. Kuyumcunun \u00f6n\u00fcne ciple gelen silahl\u0131 4 \u015f\u00fcpheliden biri ara\u00e7ta beklerken, 3 ki\u015fi h\u0131zla i\u00e7eri girdi. Kuyumcu Mustafa K.&#x27;nin soygunu engellemek i\u00e7in kendini savunmas\u0131 \u00fczerine arbede \u00e7\u0131kt\u0131. Sald\u0131rganlar\u0131n ka\u00e7arken tabancayla ate\u015f a\u00e7mas\u0131 \u00fczerine Mustafa K. omzundan yaraland\u0131. \u0130hbar \u00fczerine olay yerine polis ve sa\u011fl\u0131k ekipleri sevk edildi. Yaral\u0131 Mustafa K., sa\u011fl\u0131k ekiplerinin ilk m\u00fcdahalesinin ard\u0131ndan ambulansla hastaneye kald\u0131r\u0131larak tedavi alt\u0131na al\u0131n\u0131rken, Mustafa K.&#x27;nin hayati tehlikesinin bulunmad\u0131\u011f\u0131 \u00f6\u011frenildi. \u015e\u00fcpheliler, kuyumcudan ziynet e\u015fyas\u0131 alamadan geldikleri ara\u00e7la olay yerinden ka\u00e7t\u0131.<\/p>\n<p>&#x27;YARALININ B\u0130L\u0130NC\u0130 YER\u0130NDEYD\u0130&#x27;<\/p>\n<p>Abdullah Aksoy, &quot;Biz \u00e7al\u0131\u015f\u0131yorduk Bir ses duyduk. D\u0131\u015far\u0131 \u00e7\u0131kt\u0131\u011f\u0131m\u0131zda yandaki kom\u015fumuz olan kuyumcuya soygun i\u00e7in girmi\u015fler. Kar\u015f\u0131l\u0131k verince de ate\u015f etmi\u015fler. Yaralanma olay\u0131 olmu\u015f. Adamlar\u0131n arabayla ka\u00e7t\u0131\u011f\u0131n\u0131 g\u00f6rd\u00fcm. Ko\u015ftuk yard\u0131m etmeye \u00e7al\u0131\u015ft\u0131k ambulans \u00e7a\u011f\u0131rd\u0131k. Yaral\u0131n\u0131n bilinci yerindeydi. Birisi arabaya binerken arkas\u0131ndan g\u00f6rd\u00fcm tan\u0131m\u0131yorum kendisini. Araba h\u0131zl\u0131 \u015fekilde gitti.&quot; dedi.<\/p>\n<p>2 \u015e\u00dcPHEL\u0130 YAKALANDI<\/p>\n<p>Polis ekiplerinin \u00e7al\u0131\u015fmalar\u0131 sonucu&#8230;<\/p>\n","protected":false},"excerpt":{"rendered":"<p>Ey\u00fcpsultan&#8217;da 4 sald\u0131rgandan 1&#8217;i arabada beklerken, 3&#8217;\u00fc soygun i\u00e7in kuyumcuya girdi. Kuyumcuyla sald\u0131rganlar aras\u0131nda arbede \u00e7\u0131kt\u0131. Sald\u0131rganlar\u0131n ka\u00e7arken&#8230;<\/p>\n","protected":false},"author":2,"featured_media":1322,"comment_status":"open","ping_status":"open","sticky":false,"template":"","format":"standard","meta":{"footnotes":""},"categories":[8,6,5],"tags":[],"class_list":["post-1323","post","type-post","status-publish","format-standard","has-post-thumbnail","hentry","category-arsiv","category-gundem","category-son-dakika"],"_links":{"self":[{"href":"https:\/\/eskigazeteci.com\/index.php?rest_route=\/wp\/v2\/posts\/1323","targetHints":{"allow":["GET"]}}],"collection":[{"href":"https:\/\/eskigazeteci.com\/index.php?rest_route=\/wp\/v2\/posts"}],"about":[{"href":"https:\/\/eskigazeteci.com\/index.php?rest_route=\/wp\/v2\/types\/post"}],"author":[{"embeddable":true,"href":"https:\/\/eskigazeteci.com\/index.php?rest_route=\/wp\/v2\/users\/2"}],"replies":[{"embeddable":true,"href":"https:\/\/eskigazeteci.com\/index.php?rest_route=%2Fwp%2Fv2%2Fcomments&post=1323"}],"version-history":[{"count":0,"href":"https:\/\/eskigazeteci.com\/index.php?rest_route=\/wp\/v2\/posts\/1323\/revisions"}],"wp:featuredmedia":[{"embeddable":true,"href":"https:\/\/eskigazeteci.com\/index.php?rest_route=\/wp\/v2\/media\/1322"}],"wp:attachment":[{"href":"https:\/\/eskigazeteci.com\/index.php?rest_route=%2Fwp%2Fv2%2Fmedia&parent=1323"}],"wp:term":[{"taxonomy":"category","embeddable":true,"href":"https:\/\/eskigazeteci.com\/index.php?rest_route=%2Fwp%2Fv2%2Fcategories&post=1323"},{"taxonomy":"post_tag","embeddable":true,"href":"https:\/\/eskigazeteci.com\/index.php?rest_route=%2Fwp%2Fv2%2Ftags&post=1323"}],"curies":[{"name":"wp","href":"https:\/\/api.w.org\/{rel}","templated":true}]}}