{"id":1321,"date":"2026-02-12T07:34:41","date_gmt":"2026-02-12T07:34:41","guid":{"rendered":"https:\/\/eskigazeteci.com\/?p=1321"},"modified":"2026-02-12T07:34:41","modified_gmt":"2026-02-12T07:34:41","slug":"fizik-ogretmeni-rehber-ogretmenin-yuzune-sicak-cay-firlatti","status":"publish","type":"post","link":"https:\/\/eskigazeteci.com\/?p=1321","title":{"rendered":"Fizik \u00f6\u011fretmeni, rehber \u00f6\u011fretmenin y\u00fcz\u00fcne s\u0131cak \u00e7ay f\u0131rlatt\u0131"},"content":{"rendered":"<p>Olay, Y\u0131lmaz \u00c7etinta\u015f Anadolu Lisesi&#x27;nde meydana geldi. \u0130ddiaya g\u00f6re; fizik \u00f6\u011fretmeni ve ayn\u0131 zamanda idareci olan 2 \u00e7ocuk babas\u0131 Serkan Keskinba\u015f ile rehber \u00f6\u011fretmen T.G. aras\u0131nda 2 \u015eubat&#x27;ta bir olay ya\u015fand\u0131. Rehber \u00f6\u011fretmen T.G.&#x27;nin Keskinba\u015f&#x27;\u0131 s\u00f6zl\u00fc olarak k\u0131\u015fk\u0131rt\u0131p omuz att\u0131\u011f\u0131 \u00f6ne s\u00fcr\u00fcld\u00fc. Bu olaydan 4 g\u00fcn sonra, 6 \u015eubat tarihinde odas\u0131na giden Serkan Keskinba\u015f, arkas\u0131ndan yana\u015fan T.G.&#x27;nin kendisini korkuttu\u011funu s\u00f6yledi. Buna sinirlenen Keskinba\u015f, T.G.&#x27;nin odas\u0131n\u0131 terk etmesini istedi. T.G.&#x27;nin ise kendisini sinirli bir bi\u00e7imde ifade eden Keskinba\u015f&#x27;a tepki g\u00f6sterip k\u00fcf\u00fcr etti\u011fi iddia edildi. Bu s\u00f6zlerden sonra iyice \u00f6fkelen fizik \u00f6\u011fretmeni, T.G.&#x27;ye oday\u0131 terk etmesini s\u00f6yledi. O s\u0131rada T.G.&#x27;nin elinde tuttu\u011fu s\u0131cak \u00e7ay dolu kupay\u0131 Serkan Keskinba\u015f&#x27;\u0131n y\u00fcz\u00fcne do\u011fru savurdu\u011fu iddia edildi. Y\u00fcz\u00fc yanan Keskinba\u015f okuldakiler taraf\u0131ndan hastaneye g\u00f6t\u00fcr\u00fcl\u00fcrken, y\u00fcz\u00fcnde 1&#x27;inci derece yan\u0131k olu\u015ftu\u011fu belirlendi. Halen tedavisi s\u00fcren \u00f6\u011fretmenin T.G. hakk\u0131nda \u015fikayet\u00e7i oldu\u011fu \u00f6\u011frenildi.<\/p>\n<p>&quot;YANIMA YAKLA\u015eARAK OMUZ ATTI&quot; Y\u0131lmaz \u00c7etinta\u015f Anadolu Lisesi&#x27;nde g\u00f6revi s\u0131ras\u0131nda T.G. isimli rehberlik \u00f6\u011fretmeninden bask\u0131 g\u00f6rd\u00fc\u011f\u00fcn\u00fc iddia eden Serkan Keskinba\u015f, &quot;Okulumuzdaki rehberlik servisiyle ilgili&#8230;<\/p>\n","protected":false},"excerpt":{"rendered":"<p>Eski\u015fehir&#8217;de bir okuldaki rehber \u00f6\u011fretmenin, fizik \u00f6\u011fretmenine s\u0131cak \u00e7ay f\u0131rlatt\u0131\u011f\u0131 \u00f6ne s\u00fcr\u00fcld\u00fc. Y\u00fcz\u00fc yanan \u00f6\u011fretmen, Bir kupa s\u0131cak \u00e7ay\u0131 y\u00fcz\u00fcme \u00e7ald\u0131&#8230;.<\/p>\n","protected":false},"author":2,"featured_media":1320,"comment_status":"open","ping_status":"open","sticky":false,"template":"","format":"standard","meta":{"footnotes":""},"categories":[8,6,5],"tags":[],"class_list":["post-1321","post","type-post","status-publish","format-standard","has-post-thumbnail","hentry","category-arsiv","category-gundem","category-son-dakika"],"_links":{"self":[{"href":"https:\/\/eskigazeteci.com\/index.php?rest_route=\/wp\/v2\/posts\/1321","targetHints":{"allow":["GET"]}}],"collection":[{"href":"https:\/\/eskigazeteci.com\/index.php?rest_route=\/wp\/v2\/posts"}],"about":[{"href":"https:\/\/eskigazeteci.com\/index.php?rest_route=\/wp\/v2\/types\/post"}],"author":[{"embeddable":true,"href":"https:\/\/eskigazeteci.com\/index.php?rest_route=\/wp\/v2\/users\/2"}],"replies":[{"embeddable":true,"href":"https:\/\/eskigazeteci.com\/index.php?rest_route=%2Fwp%2Fv2%2Fcomments&post=1321"}],"version-history":[{"count":0,"href":"https:\/\/eskigazeteci.com\/index.php?rest_route=\/wp\/v2\/posts\/1321\/revisions"}],"wp:featuredmedia":[{"embeddable":true,"href":"https:\/\/eskigazeteci.com\/index.php?rest_route=\/wp\/v2\/media\/1320"}],"wp:attachment":[{"href":"https:\/\/eskigazeteci.com\/index.php?rest_route=%2Fwp%2Fv2%2Fmedia&parent=1321"}],"wp:term":[{"taxonomy":"category","embeddable":true,"href":"https:\/\/eskigazeteci.com\/index.php?rest_route=%2Fwp%2Fv2%2Fcategories&post=1321"},{"taxonomy":"post_tag","embeddable":true,"href":"https:\/\/eskigazeteci.com\/index.php?rest_route=%2Fwp%2Fv2%2Ftags&post=1321"}],"curies":[{"name":"wp","href":"https:\/\/api.w.org\/{rel}","templated":true}]}}