{"id":132,"date":"2026-02-09T09:33:29","date_gmt":"2026-02-09T09:33:29","guid":{"rendered":"https:\/\/eskigazeteci.com\/?p=132"},"modified":"2026-02-09T09:33:29","modified_gmt":"2026-02-09T09:33:29","slug":"haber-41","status":"publish","type":"post","link":"https:\/\/eskigazeteci.com\/?p=132","title":{"rendered":"Haber"},"content":{"rendered":"<p>\u0130skenderun il\u00e7esi Numune Mahallesi&#x27;nde bulunan Delal Han\u0131m Apartman\u0131 sakinleri, asans\u00f6r kabininden gelen idrar kokusu \u00fczerine kabin i\u00e7erisine kamera takt\u0131r\u0131ld\u0131. Ge\u00e7ti\u011fimiz g\u00fcnlerde yeniden kabinden gelen idrar kokusunu fark eden apartman y\u00f6netimi kamera kay\u0131tlar\u0131n\u0131 izleyerek kokunun sebebini tespit etmek istedi. Y\u00f6netim taraf\u0131ndan 6 \u015eubat tarihinde izlenen kamera g\u00f6r\u00fcnt\u00fclerinde; apartmanda ya\u015fayan vatanda\u015flara kargo getiren kuryenin asans\u00f6r i\u00e7erisini idrar\u0131n\u0131 yapt\u0131\u011f\u0131n\u0131 ve sigara i\u00e7ti\u011fini fark ettiler. G\u00f6r\u00fcnt\u00fcler \u00fczerine harekete ge\u00e7en apartman y\u00f6netimi durumu emniyetle payla\u015ft\u0131. \u0130skenderun \u0130l\u00e7e Emniyet M\u00fcd\u00fcrl\u00fc\u011f\u00fc ekipleri taraf\u0131ndan H.K. isimli \u015fah\u0131s tespit edilerek g\u00f6zalt\u0131na al\u0131nd\u0131. \u015eah\u0131s hakk\u0131nda kabahatler kanunundan i\u015flem ba\u015flat\u0131ld\u0131\u011f\u0131 \u00f6\u011frenildi.<\/p>\n<p>&quot;1 BU\u00c7UK AYDAN BER\u0130D\u0130R ARA\u015eTIRIYORDUK&quot;<\/p>\n<p>Asans\u00f6r kabini i\u00e7erisinden gelen idrar kokusunu yakla\u015f\u0131k 1 bu\u00e7uk ayd\u0131r ara\u015ft\u0131rd\u0131klar\u0131n\u0131 ifade eden apartman y\u00f6neticisi &quot;Olay bizim apartman\u0131m\u0131zda ger\u00e7ekle\u015fti. Yakla\u015f\u0131k 1 bu\u00e7uk aydan beridir bu idrar kokusunun sebebini ara\u015ft\u0131r\u0131yorduk. Daha \u00f6nceden yeni idrar kokusu \u015fikayeti olmu\u015ftu apartman sakinleri taraf\u0131ndan fakat asans\u00f6r kabini i\u00e7erisinde kamera olmad\u0131\u011f\u0131 i\u00e7in tespit edememi\u015ftik. Ge\u00e7en hafta kamera koyduk ve asans\u00f6r kabini i\u00e7erisine montaj\u0131 ger\u00e7ekle\u015ftirdik. Tesad\u00fcf tam 1 hafta sonra da bu mevzu ger\u00e7ekle\u015fti. G\u00f6r\u00fcnt\u00fcleri izledi\u011fimize ki\u015fiyi apartman \u00e7evresindeki kameralardan ve asans\u00f6r i\u00e7erisindeki kameradan tespit ettik. Emniyete haber verdik ve emniyette ara\u00e7 plakas\u0131ndan kurye oldu\u011fu i\u00e7in kargo firmas\u0131 \u00fczerinden ki\u015finin kimli\u011fini tespit etti. Kargoyu getirdi\u011fi kata \u00e7\u0131kana kadar idrar\u0131n\u0131 yap\u0131yor&quot; dedi.<\/p>\n<p>&quot;KATA \u00c7IKANA KADAR \u0130DRARINI ASANS\u00d6R KAB\u0130N\u0130 \u0130\u00c7ER\u0130S\u0130NE YAPMI\u015e&quot;<\/p>\n<p>Asans\u00f6r i\u00e7erisine yerle\u015ftirilen kamerayla idrar kokusunun kayna\u011f\u0131n\u0131 tespit ettiklerini ifade eden apartman y\u00f6neticisi &quot;Daha \u00f6nceden kamera vard\u0131 fakat kabin i\u00e7ini g\u00f6steren yoktu, birka\u00e7 defa bu \u015fikayet ger\u00e7ekle\u015fince biz kabin i\u00e7ine de bir kamera yerle\u015ftirdik. Hemen akabinde de bu olay ger\u00e7ekle\u015fince kamera i\u015fe yaram\u0131\u015f oldu. Olay 6 \u015eubat g\u00fcn\u00fc saat 11.00 s\u0131ralar\u0131nda ger\u00e7ekle\u015fti. G\u00f6r\u00fcnt\u00fcden g\u00f6rd\u00fc\u011f\u00fcm\u00fcz kadar\u0131yla ikinci kata kargo getirmi\u015f ve kata \u00e7\u0131kana kadar idrar\u0131n\u0131 asans\u00f6r kabini i\u00e7erisine yapm\u0131\u015f. \u015eikayetimizi emniyet g\u00fc\u00e7lerine yapt\u0131k onlar gerekeni yapacaklar. Kap\u0131n\u0131n \u015fifresini de\u011fi\u015ftirdik, kuryelere kap\u0131lar a\u00e7\u0131lmayacak. Yemekle ilgili kargolar da a\u015fa\u011f\u0131dan kap\u0131dan al\u0131nacak&quot; ifadelerini kulland\u0131.<\/p>\n<p>T\u00fcrkiye g\u00fcndeminden son dakika haberleri, bug\u00fcn ya\u015fanan en son geli\u015fmeler, siyaset g\u00fcndeminden g\u00fcncel haberler ve b\u00fct\u00fcn son dakika haberleri i\u00e7in H\u00fcrriyet&#x27;in internet haber sitesi hurriyet.com.tr; Hurriyet.com.tr haber i\u00e7erikleri kaynak g\u00f6sterilmeden al\u0131nt\u0131 yap\u0131lamaz, Kanuna ayk\u0131r\u0131 ve izinsiz olarak kopyalanamaz, ba\u015fka yerde yay\u0131nlanamaz.<\/p>\n","protected":false},"excerpt":{"rendered":"<p>Hatay&#8217;da asans\u00f6r i\u00e7erisinden gelen idrar kokusu \u00fczerine harekete ge\u00e7en apartman y\u00f6netimi kabin i\u00e7erisine kamera takt\u0131rd\u0131, yeniden asans\u00f6rden idrar kokusu&#8230;<\/p>\n","protected":false},"author":2,"featured_media":131,"comment_status":"open","ping_status":"open","sticky":false,"template":"","format":"standard","meta":{"footnotes":""},"categories":[8,3],"tags":[],"class_list":["post-132","post","type-post","status-publish","format-standard","has-post-thumbnail","hentry","category-arsiv","category-siyaset"],"_links":{"self":[{"href":"https:\/\/eskigazeteci.com\/index.php?rest_route=\/wp\/v2\/posts\/132","targetHints":{"allow":["GET"]}}],"collection":[{"href":"https:\/\/eskigazeteci.com\/index.php?rest_route=\/wp\/v2\/posts"}],"about":[{"href":"https:\/\/eskigazeteci.com\/index.php?rest_route=\/wp\/v2\/types\/post"}],"author":[{"embeddable":true,"href":"https:\/\/eskigazeteci.com\/index.php?rest_route=\/wp\/v2\/users\/2"}],"replies":[{"embeddable":true,"href":"https:\/\/eskigazeteci.com\/index.php?rest_route=%2Fwp%2Fv2%2Fcomments&post=132"}],"version-history":[{"count":0,"href":"https:\/\/eskigazeteci.com\/index.php?rest_route=\/wp\/v2\/posts\/132\/revisions"}],"wp:featuredmedia":[{"embeddable":true,"href":"https:\/\/eskigazeteci.com\/index.php?rest_route=\/wp\/v2\/media\/131"}],"wp:attachment":[{"href":"https:\/\/eskigazeteci.com\/index.php?rest_route=%2Fwp%2Fv2%2Fmedia&parent=132"}],"wp:term":[{"taxonomy":"category","embeddable":true,"href":"https:\/\/eskigazeteci.com\/index.php?rest_route=%2Fwp%2Fv2%2Fcategories&post=132"},{"taxonomy":"post_tag","embeddable":true,"href":"https:\/\/eskigazeteci.com\/index.php?rest_route=%2Fwp%2Fv2%2Ftags&post=132"}],"curies":[{"name":"wp","href":"https:\/\/api.w.org\/{rel}","templated":true}]}}