{"id":1319,"date":"2026-02-12T07:33:09","date_gmt":"2026-02-12T07:33:09","guid":{"rendered":"https:\/\/eskigazeteci.com\/?p=1319"},"modified":"2026-02-12T07:33:09","modified_gmt":"2026-02-12T07:33:09","slug":"avcilarda-parkin-icindeki-kafe-alev-alev-yandi","status":"publish","type":"post","link":"https:\/\/eskigazeteci.com\/?p=1319","title":{"rendered":"Avc\u0131lar&#8217;da park\u0131n i\u00e7indeki kafe alev alev yand\u0131"},"content":{"rendered":"<p>Yang\u0131n, saat 22.00 s\u0131ralar\u0131nda Ambarl\u0131 Mahallesi Ahmet Yesevi Park\u0131 &#x27;ndaki kafede \u00e7\u0131kt\u0131. \u0130ddiaya g\u00f6re, mutfak b\u00f6l\u00fcm\u00fcnde patates k\u0131zartan personel ya\u011f dolu tavan\u0131n i\u00e7ine su d\u00f6kt\u00fc. Bunun \u00fczerine \u00e7\u0131kan yang\u0131n k\u0131sa s\u00fcrede b\u00fcy\u00fcd\u00fc.<\/p>\n<p>\u00c7evredekilerin ihbar\u0131 \u00fczerine olay yerine itfaiye, acil sa\u011fl\u0131k ve polis ekipleri geldi. Alevler itfaiye taraf\u0131ndan s\u00f6nd\u00fcr\u00fcld\u00fc. Sa\u011fl\u0131k ekiplerinin kontrollerinde yang\u0131nda yaralanan kimsenin olmad\u0131\u011f\u0131 belirlendi.<\/p>\n<p>Yang\u0131n\u0131n \u00e7\u0131k\u0131\u015f nedenine ili\u015fkin inceleme ba\u015flat\u0131l\u0131rken, kafede ise hasar olu\u015ftu.<\/p>\n<p>T\u00fcrkiye g\u00fcndeminden son dakika haberleri, bug\u00fcn ya\u015fanan en son geli\u015fmeler, siyaset g\u00fcndeminden g\u00fcncel haberler ve b\u00fct\u00fcn son dakika haberleri i\u00e7in H\u00fcrriyet&#x27;in internet haber sitesi hurriyet.com.tr; Hurriyet.com.tr haber i\u00e7erikleri kaynak g\u00f6sterilmeden al\u0131nt\u0131 yap\u0131lamaz, Kanuna ayk\u0131r\u0131 ve izinsiz olarak kopyalanamaz, ba\u015fka yerde yay\u0131nlanamaz.<\/p>\n","protected":false},"excerpt":{"rendered":"<p>Avc\u0131lar&#8221;da park\u0131n i\u00e7indeki kafede iddiaya g\u00f6re, mutfak b\u00f6l\u00fcm\u00fcnde \u00e7al\u0131\u015fan personelin patates k\u0131zart\u0131lan ya\u011fl\u0131 tavaya su d\u00f6kmesi nedeniyle yang\u0131n \u00e7\u0131kt\u0131. K\u0131sa&#8230;<\/p>\n","protected":false},"author":2,"featured_media":1318,"comment_status":"open","ping_status":"open","sticky":false,"template":"","format":"standard","meta":{"footnotes":""},"categories":[8,6,5],"tags":[],"class_list":["post-1319","post","type-post","status-publish","format-standard","has-post-thumbnail","hentry","category-arsiv","category-gundem","category-son-dakika"],"_links":{"self":[{"href":"https:\/\/eskigazeteci.com\/index.php?rest_route=\/wp\/v2\/posts\/1319","targetHints":{"allow":["GET"]}}],"collection":[{"href":"https:\/\/eskigazeteci.com\/index.php?rest_route=\/wp\/v2\/posts"}],"about":[{"href":"https:\/\/eskigazeteci.com\/index.php?rest_route=\/wp\/v2\/types\/post"}],"author":[{"embeddable":true,"href":"https:\/\/eskigazeteci.com\/index.php?rest_route=\/wp\/v2\/users\/2"}],"replies":[{"embeddable":true,"href":"https:\/\/eskigazeteci.com\/index.php?rest_route=%2Fwp%2Fv2%2Fcomments&post=1319"}],"version-history":[{"count":0,"href":"https:\/\/eskigazeteci.com\/index.php?rest_route=\/wp\/v2\/posts\/1319\/revisions"}],"wp:featuredmedia":[{"embeddable":true,"href":"https:\/\/eskigazeteci.com\/index.php?rest_route=\/wp\/v2\/media\/1318"}],"wp:attachment":[{"href":"https:\/\/eskigazeteci.com\/index.php?rest_route=%2Fwp%2Fv2%2Fmedia&parent=1319"}],"wp:term":[{"taxonomy":"category","embeddable":true,"href":"https:\/\/eskigazeteci.com\/index.php?rest_route=%2Fwp%2Fv2%2Fcategories&post=1319"},{"taxonomy":"post_tag","embeddable":true,"href":"https:\/\/eskigazeteci.com\/index.php?rest_route=%2Fwp%2Fv2%2Ftags&post=1319"}],"curies":[{"name":"wp","href":"https:\/\/api.w.org\/{rel}","templated":true}]}}