{"id":1317,"date":"2026-02-12T07:31:38","date_gmt":"2026-02-12T07:31:38","guid":{"rendered":"https:\/\/eskigazeteci.com\/?p=1317"},"modified":"2026-02-12T07:31:38","modified_gmt":"2026-02-12T07:31:38","slug":"mhp-lideri-bahceliden-cnn-turke-mecliste-kavga-aciklamasi-chp-neyin-korkusunu-yasiyor","status":"publish","type":"post","link":"https:\/\/eskigazeteci.com\/?p=1317","title":{"rendered":"MHP Lideri Bah\u00e7eli&#8217;den CNN T\u00fcrk&#8217;e &#8216;Meclis&#8217;te kavga&#8217; a\u00e7\u0131klamas\u0131: CHP neyin korkusunu ya\u015f\u0131yor?"},"content":{"rendered":"<p>TBMM Genel Kurulu\u2019nda, Adalet Bakan\u0131 Ak\u0131n G\u00fcrlek\u2019in yemin etmek i\u00e7in k\u00fcrs\u00fcye geldi\u011fi s\u0131rada CHP grubu k\u00fcrs\u00fcye y\u00fcr\u00fcd\u00fc. CHP ve AK Parti milletvekilleri aras\u0131nda yumruklu kavga ya\u015fand\u0131.<\/p>\n<p>TBMM&#x27;de ya\u015fanan olaylara ili\u015fkin CNN T\u00fcrk &#x27;te H\u00fcrriyet Gazetesi Genel Yay\u0131n Y\u00f6netmeni Ahmet Hakan&#x27;\u0131n sundu\u011fu Tarafs\u0131z B\u00f6lge program\u0131na \u00f6zel a\u00e7\u0131klamalarda bulunan MHP Lideri Devlet Bah\u00e7eli , &quot;CHP neyin korkusunu ya\u015f\u0131yor?&quot; ifadelerini kullanarak \u015funlar\u0131 s\u00f6yledi: Cumhurba\u015fkan\u0131m\u0131z Say\u0131n Recep Tayyip Erdo\u011fan&#x27;\u0131n atama karar\u0131n\u0131n ard\u0131ndan bug\u00fcn yemin ederek g\u00f6revine ba\u015flayan Adalet Bakan\u0131 Say\u0131n Ak\u0131n G\u00fcrlek&#x27;e y\u00f6nelik Cumhuriyet Halk Partisi&#x27;nin milli iradenin tecelligah\u0131 olan T\u00fcrkiye B\u00fcy\u00fck Millet Meclisi&#x27;nde sergiledi\u011fi haks\u0131z ve yak\u0131\u015f\u0131ks\u0131z tutum malum olmu\u015ftur.<\/p>\n<p>Ayn\u0131 zamanda da \u00e7ok y\u00f6nl\u00fc olarak sorgulanmaya muhta\u00e7 bir hali yans\u0131tm\u0131\u015ft\u0131r. Say\u0131n Ak\u0131n G\u00fcrlek, Adalet Bakanl\u0131\u011f\u0131 g\u00f6revine atanmadan \u00f6nce \u0130stanbul Cumhuriyet Ba\u015fsavc\u0131l\u0131\u011f\u0131 g\u00f6revini y\u00fcr\u00fctmekteydi. G\u00f6rev s\u00fcresi boyunca da \u0130stanbul B\u00fcy\u00fck\u015fehir Belediyesi Ba\u015fkan\u0131 olmak \u00fczere \u00e7ok say\u0131da belediyeyi ilgilendiren yolsuzluk iddialar\u0131n\u0131 soru\u015fturan isimdi. Bu g\u00f6revde bulunuyorken CHP&#x27;nin yasal olarak kendisine soru sorma ve dolay\u0131s\u0131yla cevap alma hakk\u0131&#8230;<\/p>\n","protected":false},"excerpt":{"rendered":"<p>MHP Genel Ba\u015fkan\u0131 Devlet Bah\u00e7eli, Meclis&#8217;te Adalet Bakan\u0131 Ak\u0131n G\u00fcrlek\u2019in yemin etmek i\u00e7in k\u00fcrs\u00fcye geldi\u011fi s\u0131rada ya\u015fanan kavgayla ilgili a\u00e7\u0131klamalarda&#8230;<\/p>\n","protected":false},"author":2,"featured_media":1316,"comment_status":"open","ping_status":"open","sticky":false,"template":"","format":"standard","meta":{"footnotes":""},"categories":[8,6,5],"tags":[],"class_list":["post-1317","post","type-post","status-publish","format-standard","has-post-thumbnail","hentry","category-arsiv","category-gundem","category-son-dakika"],"_links":{"self":[{"href":"https:\/\/eskigazeteci.com\/index.php?rest_route=\/wp\/v2\/posts\/1317","targetHints":{"allow":["GET"]}}],"collection":[{"href":"https:\/\/eskigazeteci.com\/index.php?rest_route=\/wp\/v2\/posts"}],"about":[{"href":"https:\/\/eskigazeteci.com\/index.php?rest_route=\/wp\/v2\/types\/post"}],"author":[{"embeddable":true,"href":"https:\/\/eskigazeteci.com\/index.php?rest_route=\/wp\/v2\/users\/2"}],"replies":[{"embeddable":true,"href":"https:\/\/eskigazeteci.com\/index.php?rest_route=%2Fwp%2Fv2%2Fcomments&post=1317"}],"version-history":[{"count":0,"href":"https:\/\/eskigazeteci.com\/index.php?rest_route=\/wp\/v2\/posts\/1317\/revisions"}],"wp:featuredmedia":[{"embeddable":true,"href":"https:\/\/eskigazeteci.com\/index.php?rest_route=\/wp\/v2\/media\/1316"}],"wp:attachment":[{"href":"https:\/\/eskigazeteci.com\/index.php?rest_route=%2Fwp%2Fv2%2Fmedia&parent=1317"}],"wp:term":[{"taxonomy":"category","embeddable":true,"href":"https:\/\/eskigazeteci.com\/index.php?rest_route=%2Fwp%2Fv2%2Fcategories&post=1317"},{"taxonomy":"post_tag","embeddable":true,"href":"https:\/\/eskigazeteci.com\/index.php?rest_route=%2Fwp%2Fv2%2Ftags&post=1317"}],"curies":[{"name":"wp","href":"https:\/\/api.w.org\/{rel}","templated":true}]}}